{"id":376051,"date":"2025-09-08T20:27:13","date_gmt":"2025-09-08T20:27:13","guid":{"rendered":"https:\/\/www.europesays.com\/fr\/376051\/"},"modified":"2025-09-08T20:27:13","modified_gmt":"2025-09-08T20:27:13","slug":"paris-jackson-denonce-le-film-consacre-a-son-pere-michael-jackson","status":"publish","type":"post","link":"https:\/\/www.europesays.com\/fr\/376051\/","title":{"rendered":"Paris Jackson d\u00e9nonce le film consacr\u00e9 \u00e0 son p\u00e8re, Michael Jackson"},"content":{"rendered":"<p>Selon la fille du roi de la pop, le long-m\u00e9trage, pur produit de Hollywood, \u00ab\u00a0comporte beaucoup d\u2019inexactitudes et de mensonges \u00e9hont\u00e9s\u00a0\u00bb. Plusieurs fois repouss\u00e9, le film sortira le 24 avril 2026 au cin\u00e9ma.<\/p>\n<p class=\"fig-paragraph\">Le biopic sur\u00a0<a href=\"http:\/\/www.lefigaro.fr\/cinema\/le-biopic-sur-michael-jackson-encore-repousse-cette-fois-au-printemps-2026-20250726\" data-fig-type=\"Article\" data-gtm-custom-categorie=\"navigation\" data-gtm-custom-action=\"crossclick\" data-gtm-custom-label=\"Contextuel\" data-gtm-event=\"customEventSPE\" data-fig-domain=\"LEFIGARO\" rel=\"nofollow noopener\" target=\"_blank\">Michael Jackson<\/a>\u00a0divise d\u00e9j\u00e0. La fille du chanteur, Paris Jackson, a pris la parole mardi sur les r\u00e9seaux sociaux afin de critiquer le long-m\u00e9trage consacr\u00e9 \u00e0 son p\u00e8re, rapporte\u00a0<a href=\"https:\/\/www.theguardian.com\/music\/2025\/sep\/04\/michael-jackson-daughter-paris-criticises-sugar-coated-biopic-about-her-father\" target=\"_blank\" rel=\"sponsored noopener nofollow\" data-gtm-custom-categorie=\"navigation\" data-gtm-custom-action=\"crossclick\" data-gtm-custom-label=\"Contextuel\" data-gtm-event=\"customEventSPE\">The Guardian<\/a> . La chanteuse et mannequin a r\u00e9agi \u00e0 une interview du com\u00e9dien Coleman Domingo, publi\u00e9e la veille par\u00a0<a href=\"https:\/\/people.com\/colman-domingo-says-prince-paris-jackson-have-been-lovely-in-making-of-michael-jackson-movie-exclusive-11801241\" target=\"_blank\" rel=\"sponsored noopener nofollow\" data-gtm-custom-categorie=\"navigation\" data-gtm-custom-action=\"crossclick\" data-gtm-custom-label=\"Contextuel\" data-gtm-event=\"customEventSPE\">People<\/a> . L\u2019acteur, qui incarne Joe Jackson, a d\u00e9clar\u00e9 qu\u2019il avait \u00ab\u00a0bri\u00e8vement discut\u00e9 du projet avec Paris Jackson\u00a0\u00bb et qu\u2019elle et son fr\u00e8re, Prince, \u00ab\u00a0soutiennent vraiment le film\u00a0\u00bb.<\/p>\n<p class=\"fig-paragraph\">\u00ab\u00a0Ne dites pas aux gens que j\u2019ai \u00e9t\u00e9 \u201cutile\u201d sur le plateau d\u2019un long-m\u00e9trage dans lequel j\u2019ai eu 0\u00a0% d\u2019implication, c\u2019est trop bizarre\u00a0\u00bb, a aussit\u00f4t d\u00e9menti Paris Jackson, dans une s\u00e9rie de stories publi\u00e9es sur Instagram. Si elle admet avoir \u00ab\u00a0lu\u00a0\u00bb une premi\u00e8re version du sc\u00e9nario et relev\u00e9 des passages qu\u2019elle consid\u00e9rait \u00ab\u00a0malhonn\u00eates\u00a0\u00bb, elle explique qu\u2019elle s\u2019est retir\u00e9e du projet lorsque ses remarques ont \u00e9t\u00e9 ignor\u00e9es par les producteurs. \u00ab J\u2019ai laiss\u00e9 tomber parce que ce n\u2019est pas mon \u0153uvre. Ils feront ce qu\u2019ils veulent\u00a0\u00bb.<\/p>\n<p>                                    <a class=\"fig-a11y-skip a11y-hidden\" href=\"#fig-a11y-skip-main-inarticle\"><br \/>\n        Passer la publicit\u00e9<br \/>\n    <\/a><\/p>\n<p class=\"fig-paragraph\">Selon l\u2019actrice d\u2019Habit, le biopic sur son p\u00e8re sera peu fid\u00e8le \u00e0 la r\u00e9alit\u00e9. \u00ab\u00a0Produits par Hollywood\u00a0\u00bb, les biopics refl\u00e8tent g\u00e9n\u00e9ralement \u00ab\u00a0un monde imaginaire\u00a0\u00bb. \u00ab\u00a0Ce n\u2019est pas la r\u00e9alit\u00e9, mais on vous le vend comme tel, en l\u2019enjolivant, ajoute-t-elle. Le r\u00e9cit est contr\u00f4l\u00e9, il comporte beaucoup d\u2019inexactitudes et de mensonges \u00e9hont\u00e9s. En fin de compte, cela ne me convient pas vraiment. Je n\u2019aime pas vraiment la malhonn\u00eatet\u00e9.\u00a0\u00bb<\/p>\n<p class=\"fig-paragraph\">Toutefois, Paris Jackson reconna\u00eet que les admirateurs de l\u2019interpr\u00e8te de Thriller seront combl\u00e9s\u00a0: \u00ab\u00a0Une grande partie du film s\u2019adresse \u00e0 la communaut\u00e9 de fans de mon p\u00e8re qui vit encore dans le fantasme, et ils en seront ravis\u00a0\u00bb.<\/p>\n<p>Un projet qui patine<\/p>\n<p class=\"fig-paragraph\">Initialement pr\u00e9vu en avril puis octobre 2025,\u00a0<a href=\"http:\/\/www.lefigaro.fr\/cinema\/le-biopic-sur-michael-jackson-encore-repousse-cette-fois-au-printemps-2026-20250726\" data-fig-type=\"Article\" data-gtm-custom-categorie=\"navigation\" data-gtm-custom-action=\"crossclick\" data-gtm-custom-label=\"Contextuel\" data-gtm-event=\"customEventSPE\" data-fig-domain=\"LEFIGARO\" rel=\"nofollow noopener\" target=\"_blank\">le biopic Michael a \u00e9t\u00e9 report\u00e9 au 24 avril 2026.<\/a>\u00a0R\u00e9alis\u00e9 par\u00a0<a href=\"http:\/\/www.lefigaro.fr\/cinema\/will-smith-et-antoine-fuqua-boycottent-l-etat-de-georgie-en-raison-d-une-loi-electorale-controversee-20210413\" data-fig-type=\"NewsFlash\" data-gtm-custom-categorie=\"navigation\" data-gtm-custom-action=\"crossclick\" data-gtm-custom-label=\"Contextuel\" data-gtm-event=\"customEventSPE\" data-fig-domain=\"LEFIGARO\" rel=\"nofollow noopener\" target=\"_blank\">Antoine Fuqua<\/a>\u00a0et port\u00e9 par Jaafar Jackson, &#8211;\u00a0le propre neveu du roi de la pop\u00a0-, le long-m\u00e9trage\u00a0<a href=\"http:\/\/www.lefigaro.fr\/musique\/michael-jackson-son-biopic-pourrait-etre-scinde-en-deux-parties-et-voir-sa-date-de-sortie-de-nouveau-reportee-20250404\" data-fig-type=\"Article\" data-gtm-custom-categorie=\"navigation\" data-gtm-custom-action=\"crossclick\" data-gtm-custom-label=\"Contextuel\" data-gtm-event=\"customEventSPE\" data-fig-domain=\"LEFIGARO\" rel=\"nofollow noopener\" target=\"_blank\">pourrait \u00eatre scind\u00e9 en deux parties.<\/a>\u00a0Ces retards successifs s\u2019expliquent en raison de la difficult\u00e9 \u00e0 raconter la carri\u00e8re de Michael Jackson en seulement deux heures mais aussi aux nombreux d\u00e9saccords qui persistent sur certaines s\u00e9quences.<\/p>\n<p class=\"fig-paragraph\">Selon\u00a0<a href=\"https:\/\/deadline.com\/2025\/07\/michael-jackson-biopic-michael-release-date-1236466552\/\" target=\"_blank\" rel=\"sponsored noopener nofollow\" data-gtm-custom-categorie=\"navigation\" data-gtm-custom-action=\"crossclick\" data-gtm-custom-label=\"Contextuel\" data-gtm-event=\"customEventSPE\">Deadline<\/a>, Antoine Fuqua aurait souhait\u00e9 mentionner les accusations de p\u00e9dophilie port\u00e9es contre Michael Jackson. Le cin\u00e9aste aurait envisag\u00e9 de se concentrer sur l\u2019affaire Jordan Chandler. Celui-ci, \u00e2g\u00e9 de 13 ans au moment des faits, a accus\u00e9 l\u2019artiste d\u2019avoir abus\u00e9 de lui au d\u00e9but des ann\u00e9es 1990. Tr\u00e8s m\u00e9diatis\u00e9, le scandale s\u2019est achev\u00e9 par un accord \u00e0 l\u2019amiable et une somme de 22 millions de dollars a \u00e9t\u00e9 vers\u00e9e \u00e0 la famille Chandler. Une clause contractuelle emp\u00eacherait le r\u00e9alisateur d\u2019\u00e9voquer cette affaire sur grand \u00e9cran et l\u2019on contraint \u00e0 retourner certaines sc\u00e8nes en janvier 2025.<\/p>\n","protected":false},"excerpt":{"rendered":"Selon la fille du roi de la pop, le long-m\u00e9trage, pur produit de Hollywood, \u00ab\u00a0comporte beaucoup d\u2019inexactitudes et&hellip;\n","protected":false},"author":2,"featured_media":376052,"comment_status":"","ping_status":"","sticky":false,"template":"","format":"standard","meta":{"footnotes":""},"categories":[1355],"tags":[12975,58,59,1011,27,35268,1361,873,42953],"class_list":{"0":"post-376051","1":"post","2":"type-post","3":"status-publish","4":"format-standard","5":"has-post-thumbnail","7":"category-musique","8":"tag-biopic","9":"tag-divertissement","10":"tag-entertainment","11":"tag-fr","12":"tag-france","13":"tag-michael-jackson","14":"tag-music","15":"tag-musique","16":"tag-paris-jackson"},"share_on_mastodon":{"url":"https:\/\/pubeurope.com\/@fr\/115170564105196915","error":""},"_links":{"self":[{"href":"https:\/\/www.europesays.com\/fr\/wp-json\/wp\/v2\/posts\/376051","targetHints":{"allow":["GET"]}}],"collection":[{"href":"https:\/\/www.europesays.com\/fr\/wp-json\/wp\/v2\/posts"}],"about":[{"href":"https:\/\/www.europesays.com\/fr\/wp-json\/wp\/v2\/types\/post"}],"author":[{"embeddable":true,"href":"https:\/\/www.europesays.com\/fr\/wp-json\/wp\/v2\/users\/2"}],"replies":[{"embeddable":true,"href":"https:\/\/www.europesays.com\/fr\/wp-json\/wp\/v2\/comments?post=376051"}],"version-history":[{"count":0,"href":"https:\/\/www.europesays.com\/fr\/wp-json\/wp\/v2\/posts\/376051\/revisions"}],"wp:featuredmedia":[{"embeddable":true,"href":"https:\/\/www.europesays.com\/fr\/wp-json\/wp\/v2\/media\/376052"}],"wp:attachment":[{"href":"https:\/\/www.europesays.com\/fr\/wp-json\/wp\/v2\/media?parent=376051"}],"wp:term":[{"taxonomy":"category","embeddable":true,"href":"https:\/\/www.europesays.com\/fr\/wp-json\/wp\/v2\/categories?post=376051"},{"taxonomy":"post_tag","embeddable":true,"href":"https:\/\/www.europesays.com\/fr\/wp-json\/wp\/v2\/tags?post=376051"}],"curies":[{"name":"wp","href":"https:\/\/api.w.org\/{rel}","templated":true}]}}