{"id":376053,"date":"2025-09-08T20:28:21","date_gmt":"2025-09-08T20:28:21","guid":{"rendered":"https:\/\/www.europesays.com\/fr\/376053\/"},"modified":"2025-09-08T20:28:21","modified_gmt":"2025-09-08T20:28:21","slug":"a-couteaux-tires-3-avec-daniel-craig-soffre-une-pluie-davis-positifs-trois-mois-avant-sa-sortie","status":"publish","type":"post","link":"https:\/\/www.europesays.com\/fr\/376053\/","title":{"rendered":"\u00ab\u00a0\u00c0 couteaux tir\u00e9s\u00a03\u00a0\u00bb avec Daniel Craig s\u2019offre une pluie d\u2019avis positifs, trois mois avant sa sortie"},"content":{"rendered":"<p>        <img decoding=\"async\" loading=\"lazy\" src=\"https:\/\/www.europesays.com\/fr\/wp-content\/uploads\/2025\/09\/412ab58_upload-1-exncancv1ntf-jud-dc-in-car-2-4k-r.jpg\"  width=\"728\" height=\"409\" alt=\" Josh O'Connor et Daniel Craig dans \u00ab\u00a0Wake Up Dead Man\u00a0- \u00e0 couteaux tir\u00e9s \u00bb sur Netflix\"\/>  <\/p>\n<p>Courtesy of Netflix<\/p>\n<p> Josh O&rsquo;Connor et Daniel Craig dans \u00ab\u00a0Wake Up Dead Man\u00a0&#8211; \u00e0 couteaux tir\u00e9s \u00bb sur Netflix<\/p>\n<p class=\"asset asset-text\">NETFLIX &#8211; Encore un peu (beaucoup) de patience. Ce n\u2019est que le 12\u00a0d\u00e9cembre que les abonn\u00e9s <a href=\"https:\/\/www.huffingtonpost.fr\/culture\/article\/kpop-demon-hunters-devient-le-film-le-plus-regarde-de-l-histoire-sur-netflix_254048.html\" rel=\"nofollow noopener\" target=\"_blank\">Netflix<\/a> pourront d\u00e9couvrir <a href=\"https:\/\/www.huffingtonpost.fr\/culture\/article\/pour-a-couteaux-tires-3-avec-daniel-craig-netflix-s-offre-un-casting-vraiment-5-etoiles_234656.html\" rel=\"nofollow noopener\" target=\"_blank\">Wake Up Dead Man\u00a0: Une histoire \u00e0 couteaux tir\u00e9s<\/a>. Le troisi\u00e8me volet de la saga polici\u00e8re verra revenir <a href=\"https:\/\/www.huffingtonpost.fr\/culture\/article\/queer-avec-daniel-craig-pour-comprendre-le-film-mieux-vaut-connaitre-cette-histoire-clx1_246533.html\" rel=\"nofollow noopener\" target=\"_blank\">Daniel Craig<\/a> et un nouveau casting cinq\u00a0\u00e9toiles. Pr\u00e9sent\u00e9 au Festival international du film de Toronto, il a r\u00e9colt\u00e9 une pluie de critiques dithyrambiques.<\/p>\n<p class=\"asset asset-text\">C\u2019est assez rare pour \u00eatre soulign\u00e9, mais d\u2019apr\u00e8s les avis des premiers spectateurs qui ont pu voir le long m\u00e9trage de Rian Johnson, le troisi\u00e8me film \u00c0 couteaux tir\u00e9s pourrait bien\u00a0\u00eatre le meilleur. Le film a \u00e9t\u00e9 pr\u00e9sent\u00e9 au Tiff, et a suscit\u00e9 \u00e9norm\u00e9ment d\u2019enthousiasme de la part de nos confr\u00e8res pr\u00e9sents sur place.<\/p>\n<p class=\"asset asset-text\">La BBC \u00e9voque \u00ab\u00a0le volet le plus dr\u00f4le et le plus r\u00e9jouissant\u00a0\u00bb quand <a href=\"https:\/\/www.theguardian.com\/film\/2025\/sep\/07\/wake-up-dead-man-a-knives-out-mystery-review\" target=\"_blank\" rel=\"noopener nofollow\" title=\"Nouvelle fen\u00eatre\">The Guardian <\/a>parle, lui, d\u2019une \u00ab\u00a0s\u00e9rie qui a retrouv\u00e9 son souffle, la richesse de son humour, une capacit\u00e9 \u00e0 nous surprendre\u00a0\u00bb. <a href=\"https:\/\/variety.com\/2025\/film\/reviews\/wake-up-dead-man-a-knives-out-mystery-review-daniel-craig-1236510178\/\" target=\"_blank\" rel=\"noopener nofollow\" title=\"Nouvelle fen\u00eatre\">Variety<\/a> mentionne aussi une suite \u00ab\u00a0profond\u00e9ment intelligente et dr\u00f4le qui fr\u00f4le la perfection dans le genre du whodunit\u00a0\u00bb. Un pl\u00e9biscite qui se traduit par une note impressionnante de 96\u00a0% sur le site Rotten Tomatoes.<\/p>\n<p class=\"asset asset-text\">Et il faut le reconna\u00eetre, la bande-annonce du long-m\u00e9trage mise en ligne ce lundi 8\u00a0septembre nous met en effet l\u2019eau \u00e0 la bouche. Non seulement pour ce qui devrait \u00eatre le premier r\u00f4le \u00ab\u00a0comique\u00a0\u00bb de Josh O\u2019Connor, mais aussi pour le d\u00e9cor, le casting, et le fait de retrouver apr\u00e8s six ans d\u2019attente Daniel Craig dans la peau du d\u00e9tective Beno\u00eet Blanc.<\/p>\n<p> La lecture de ce contenu est susceptible d\u2019entra\u00eener un d\u00e9p\u00f4t de cookies de la part de l\u2019op\u00e9rateur tiers qui l\u2019h\u00e9berge. Compte-tenu des choix que vous avez exprim\u00e9s en mati\u00e8re de d\u00e9p\u00f4t de cookies, nous avons bloqu\u00e9 l\u2019affichage de ce contenu. Si vous souhaitez y acc\u00e9der, vous devez accepter la cat\u00e9gorie de cookies \u201cContenus tiers\u201d en cliquant sur le bouton ci-dessous. <\/p>\n<p> Lire la Vid\u00e9o              <\/p>\n<p class=\"asset asset-text\">Dans ce troisi\u00e8me volet, Beno\u00eet Blanc est appel\u00e9 sur une sc\u00e8ne de crime des plus myst\u00e9rieuses et mystiques. Lorsqu\u2019un pr\u00eatre est assassin\u00e9 dans sa paroisse dans des circonstances jug\u00e9es impossibles, le d\u00e9tective m\u00e8ne l\u2019enqu\u00eate aupr\u00e8s de ses fid\u00e8les et de ses proches pour prouver qu\u2019il ne s\u2019agit pas d\u2019une intervention divine. Il est \u00e9paul\u00e9 dans son enqu\u00eate par un jeune vicaire tr\u00e8s enthousiaste.<\/p>\n<p class=\"asset asset-text\">\u00c0 l\u2019affiche du film r\u00e9alis\u00e9 par Rian Johnson, on retrouvera donc Daniel Craig, Josh O\u2019Connor, Glenn Close, Josh Brolin, Mila Kunis, Jeremy Renner, Kerry Washington, Andrew Scott, Cailee Spaeny, Daryl McCormack et Thomas Haden Church.<\/p>\n","protected":false},"excerpt":{"rendered":"Courtesy of Netflix Josh O&rsquo;Connor et Daniel Craig dans \u00ab\u00a0Wake Up Dead Man\u00a0&#8211; \u00e0 couteaux tir\u00e9s \u00bb sur&hellip;\n","protected":false},"author":2,"featured_media":376054,"comment_status":"","ping_status":"","sticky":false,"template":"","format":"standard","meta":{"footnotes":""},"categories":[1354],"tags":[251,6064,58,59,2081,1346,1011,27,1360,127,128],"class_list":{"0":"post-376053","1":"post","2":"type-post","3":"status-publish","4":"format-standard","5":"has-post-thumbnail","7":"category-films","8":"tag-culture","9":"tag-daniel-craig","10":"tag-divertissement","11":"tag-entertainment","12":"tag-film","13":"tag-films","14":"tag-fr","15":"tag-france","16":"tag-movies","17":"tag-netflix","18":"tag-streaming"},"share_on_mastodon":{"url":"https:\/\/pubeurope.com\/@fr\/115170567983659645","error":""},"_links":{"self":[{"href":"https:\/\/www.europesays.com\/fr\/wp-json\/wp\/v2\/posts\/376053","targetHints":{"allow":["GET"]}}],"collection":[{"href":"https:\/\/www.europesays.com\/fr\/wp-json\/wp\/v2\/posts"}],"about":[{"href":"https:\/\/www.europesays.com\/fr\/wp-json\/wp\/v2\/types\/post"}],"author":[{"embeddable":true,"href":"https:\/\/www.europesays.com\/fr\/wp-json\/wp\/v2\/users\/2"}],"replies":[{"embeddable":true,"href":"https:\/\/www.europesays.com\/fr\/wp-json\/wp\/v2\/comments?post=376053"}],"version-history":[{"count":0,"href":"https:\/\/www.europesays.com\/fr\/wp-json\/wp\/v2\/posts\/376053\/revisions"}],"wp:featuredmedia":[{"embeddable":true,"href":"https:\/\/www.europesays.com\/fr\/wp-json\/wp\/v2\/media\/376054"}],"wp:attachment":[{"href":"https:\/\/www.europesays.com\/fr\/wp-json\/wp\/v2\/media?parent=376053"}],"wp:term":[{"taxonomy":"category","embeddable":true,"href":"https:\/\/www.europesays.com\/fr\/wp-json\/wp\/v2\/categories?post=376053"},{"taxonomy":"post_tag","embeddable":true,"href":"https:\/\/www.europesays.com\/fr\/wp-json\/wp\/v2\/tags?post=376053"}],"curies":[{"name":"wp","href":"https:\/\/api.w.org\/{rel}","templated":true}]}}