{"id":376057,"date":"2025-09-08T20:31:11","date_gmt":"2025-09-08T20:31:11","guid":{"rendered":"https:\/\/www.europesays.com\/fr\/376057\/"},"modified":"2025-09-08T20:31:11","modified_gmt":"2025-09-08T20:31:11","slug":"mort-de-charly-oleg-le-pianiste-de-tournez-manege-a-94-ans","status":"publish","type":"post","link":"https:\/\/www.europesays.com\/fr\/376057\/","title":{"rendered":"Mort de Charly Oleg, le pianiste de \u00abTournez man\u00e8ge\u00bb, \u00e0 94 ans"},"content":{"rendered":"<p>    Charly Oleg est d\u00e9c\u00e9d\u00e9 \u00e0 l\u2019\u00e2ge de 94 ans<br \/>\n                Vim\/ABACA<\/p>\n<p>Le musicien et son \u00abFormidable\u00bb a marqu\u00e9 toute une g\u00e9n\u00e9ration de t\u00e9l\u00e9spectateurs. Amuseur et amoureux de la musique, il continuait de vivre de sa passion, loin des plateaux.<\/p>\n<p class=\"fig-paragraph\">\u00abNotre ami, notre fr\u00e8re, notre merveilleux pianiste\u00a0<a href=\"https:\/\/tvmag.lefigaro.fr\/programme-tv\/article\/television\/27928\/le-come-back-de-charly-oleg.html\" target=\"_blank\" data-fig-type=\"Article\" rel=\"noopener\" data-gtm-custom-categorie=\"navigation\" data-gtm-custom-action=\"crossclick\" data-gtm-custom-label=\"Contextuel\" data-gtm-event=\"customEventSPE\" data-fig-domain=\"TVMAG\">Charly Oleg<\/a> , a \u00e9t\u00e9 rappel\u00e9 par Dieu ce matin\u00bb, \u00e9crit Jos\u00e9 Todaro ce lundi 8 septembre sur son compte personnel Facebook. Le chanteur tenor a souvent \u00e9t\u00e9 accompagn\u00e9 sur sc\u00e8ne par le musicien que les t\u00e9l\u00e9spectateurs connaissaient gr\u00e2ce \u00e0<a href=\"http:\/\/tvmag.lefigaro.fr\/programme-tv\/ce-soir-tele\/de-tournez-manege-a-maries-au-premier-regard-la-bonne-recette-des-emissions-de-dating-20250426\" target=\"_blank\" data-fig-type=\"Article\" rel=\"noopener\" data-gtm-custom-categorie=\"navigation\" data-gtm-custom-action=\"crossclick\" data-gtm-custom-label=\"Contextuel\" data-gtm-event=\"customEventSPE\" data-fig-domain=\"TVMAG\">\u00a0\u00abTournez man\u00e8ge\u00bb<\/a>.\u00a0Charly Oleg est d\u00e9c\u00e9d\u00e9 \u00e0 l\u2019\u00e2ge de 94 ans.<\/p>\n<p class=\"fig-paragraph\">Charly Oleg est n\u00e9 le 7 ao\u00fbt 1931 \u00e0 Nilvange, en Moselle. C\u2019est au conservatoire de Metz qu\u2019il apprend le piano et o\u00f9 il excelle. Il commence sa carri\u00e8re dans les bals populaires avant de se faire un nom parmi les chanteurs illustres. Jos\u00e9phine Baker, Mireille Mathieu ou encore Charles Aznavour.<\/p>\n<p>                                    <a class=\"fig-a11y-skip a11y-hidden\" href=\"#fig-a11y-skip-main-inarticle\"><br \/>\n        Passer la publicit\u00e9<br \/>\n    <\/a><\/p>\n<p>\u00abDes souvenirs formidables\u00bb<\/p>\n<p class=\"fig-paragraph\">Puis le petit \u00e9cran lui fait les yeux doux. D\u2019abord en 1965 o\u00f9 il accompagne avec sa musique \u00abLe Jeu de la Chance\u00bb dans \u00abT\u00e9l\u00e9 dimanche\u00bb sur la premi\u00e8re cha\u00eene de l\u2019ORTF. Puis dans \u00abTournez man\u00e8ge\u00bb sur TF1. De 1985 \u00e0 1993, il joue \u00e0 l\u2019orgue des morceaux que doivent reconna\u00eetre les candidats pendant la premi\u00e8re manche du jeu. \u00abDes souvenirs formidables\u00bb, t\u00e9moignent plusieurs abonn\u00e9s en guise d\u2019hommage \u00e0 une figure qui les a accompagn\u00e9s quotidiennement.<\/p>\n<p class=\"fig-paragraph\">Une expression qui ne doit rien au hasard. \u00abJe me souviens des banderoles avec l\u2019inscription \u201cCharly Oleg, Formidable\u00a0!\u201d. Ce sont les gens qui m\u2019ont fait remarquer que je disais toujours \u201cFormidable\u201d lorsque les candidats trouvaient la bonne r\u00e9ponse\u00bb, racontait-il en 2009 \u00e0\u00a0<a href=\"https:\/\/www.sudinfo.be\/art\/d-20130130-Z2E4ZQ\" target=\"_blank\" rel=\"sponsored noopener\" data-gtm-custom-categorie=\"navigation\" data-gtm-custom-action=\"crossclick\" data-gtm-custom-label=\"Contextuel\" data-gtm-event=\"customEventSPE\">Sud Info<\/a> .<\/p>\n<p>Un album de jazz<\/p>\n<p class=\"fig-paragraph\">Charly Oleg fera par la suite encore quelques apparitions \u00e0 la t\u00e9l\u00e9vision comme dans \u00abLe Grand Blind test\u00bb anim\u00e9 par\u00a0<a href=\"http:\/\/tvmag.lefigaro.fr\/programme-tv\/actu-tele\/ou-rebondira-laurence-boccolini-apres-son-eviction-des-enfants-de-la-tele-le-patron-de-france-televisions-repond-20250709\" target=\"_blank\" data-fig-type=\"Article\" rel=\"noopener\" data-gtm-custom-categorie=\"navigation\" data-gtm-custom-action=\"crossclick\" data-gtm-custom-label=\"Contextuel\" data-gtm-event=\"customEventSPE\" data-fig-domain=\"TVMAG\">Laurence Boccolini,<\/a>\u00a0en 2016.<\/p>\n<p class=\"fig-paragraph\">En parall\u00e8le, de 1979 \u00e0 1982, il officie en tant que chef d\u2019orchestre au th\u00e9\u00e2tre de la Renaissance. Charly Oleg dirige des op\u00e9rettes. Amoureux du jazz, le pianiste sort en 2007 un album de compositions, Variations Personnelles.<\/p>\n<p class=\"fig-paragraph\">Cot\u00e9 vie priv\u00e9e, il a \u00e9pous\u00e9 en seconde noce en 1970 Vincenza d\u2019Aquino, une candidate qui avait particip\u00e9 au \u00abJeu de la chance\u00bb. Sa fille, Clara Oleg, a suivi la m\u00eame voie. Elle aussi s\u2019est offert quelques passages \u00e0 la t\u00e9l\u00e9vision. Dans\u00a0<a href=\"https:\/\/tvmag.lefigaro.fr\/programme-tv\/article\/television\/85708\/fa-si-la-chanter-avec-pascal-brunner-retour-sur-une-emission-culte-.html\" target=\"_blank\" data-fig-type=\"Article\" rel=\"noopener\" data-gtm-custom-categorie=\"navigation\" data-gtm-custom-action=\"crossclick\" data-gtm-custom-label=\"Contextuel\" data-gtm-event=\"customEventSPE\" data-fig-domain=\"TVMAG\">la nouvelle version de \u00abFa Si La Chanter\u00bb<\/a>, anim\u00e9 sur France 3 en 2010 par Cyril Hanouna. Elle officiait comme chanteuse aux c\u00f4t\u00e9s de Pierre Darmon, ancien participant de \u00abLa Nouvelle Star\u00bb.<\/p>\n","protected":false},"excerpt":{"rendered":"Charly Oleg est d\u00e9c\u00e9d\u00e9 \u00e0 l\u2019\u00e2ge de 94 ans Vim\/ABACA Le musicien et son \u00abFormidable\u00bb a marqu\u00e9 toute&hellip;\n","protected":false},"author":2,"featured_media":376058,"comment_status":"","ping_status":"","sticky":false,"template":"","format":"standard","meta":{"footnotes":""},"categories":[8],"tags":[58,59,1011,27,199],"class_list":{"0":"post-376057","1":"post","2":"type-post","3":"status-publish","4":"format-standard","5":"has-post-thumbnail","7":"category-divertissement","8":"tag-divertissement","9":"tag-entertainment","10":"tag-fr","11":"tag-france","12":"tag-tf1"},"share_on_mastodon":{"url":"https:\/\/pubeurope.com\/@fr\/115170579811924011","error":""},"_links":{"self":[{"href":"https:\/\/www.europesays.com\/fr\/wp-json\/wp\/v2\/posts\/376057","targetHints":{"allow":["GET"]}}],"collection":[{"href":"https:\/\/www.europesays.com\/fr\/wp-json\/wp\/v2\/posts"}],"about":[{"href":"https:\/\/www.europesays.com\/fr\/wp-json\/wp\/v2\/types\/post"}],"author":[{"embeddable":true,"href":"https:\/\/www.europesays.com\/fr\/wp-json\/wp\/v2\/users\/2"}],"replies":[{"embeddable":true,"href":"https:\/\/www.europesays.com\/fr\/wp-json\/wp\/v2\/comments?post=376057"}],"version-history":[{"count":0,"href":"https:\/\/www.europesays.com\/fr\/wp-json\/wp\/v2\/posts\/376057\/revisions"}],"wp:featuredmedia":[{"embeddable":true,"href":"https:\/\/www.europesays.com\/fr\/wp-json\/wp\/v2\/media\/376058"}],"wp:attachment":[{"href":"https:\/\/www.europesays.com\/fr\/wp-json\/wp\/v2\/media?parent=376057"}],"wp:term":[{"taxonomy":"category","embeddable":true,"href":"https:\/\/www.europesays.com\/fr\/wp-json\/wp\/v2\/categories?post=376057"},{"taxonomy":"post_tag","embeddable":true,"href":"https:\/\/www.europesays.com\/fr\/wp-json\/wp\/v2\/tags?post=376057"}],"curies":[{"name":"wp","href":"https:\/\/api.w.org\/{rel}","templated":true}]}}