{"id":376059,"date":"2025-09-08T20:32:13","date_gmt":"2025-09-08T20:32:13","guid":{"rendered":"https:\/\/www.europesays.com\/fr\/376059\/"},"modified":"2025-09-08T20:32:13","modified_gmt":"2025-09-08T20:32:13","slug":"le-stockage-du-co2-une-ressource-plus-rare-que-prevu-pour-limiter-le-rechauffement-climatique","status":"publish","type":"post","link":"https:\/\/www.europesays.com\/fr\/376059\/","title":{"rendered":"Le stockage du CO2, une ressource plus rare que pr\u00e9vu pour limiter le r\u00e9chauffement climatique"},"content":{"rendered":"<p>            <a href=\"https:\/\/www.lefigaro.fr\/actualite-france\/canonisation-de-carlo-acutis-comment-le-corps-du-jeune-homme-decede-en-2006-est-il-conserve-20250907\" class=\"fig-ranking-profile-link\" data-fig-domain=\"LEFIGARO\" target=\"_blank\" rel=\"noopener\"><\/p>\n<p>        Canonisation de Carlo Acutis\u00a0: comment le corps du jeune homme, d\u00e9c\u00e9d\u00e9 en 2006, est-il conserv\u00e9\u00a0?<\/p>\n<p>                                                <\/a><\/p>\n<p>        <img   class=\"fig-img fig-ranking-profile-media-small-picture__photo\" alt=\"Canonisation de Carlo Acutis\u00a0: comment le corps du jeune homme, d\u00e9c\u00e9d\u00e9 en 2006, est-il conserv\u00e9\u00a0?\" height=\"1897\" width=\"3000\"\/><\/p>\n<p class=\"fig-ranking-profile-standfirst\">\n    <strong>FOCUS<\/strong> &#8211; L\u2019Italien, surnomm\u00e9 le \u00abgeek\u00bb de Dieu et emport\u00e9 par une leuc\u00e9mie \u00e0 l\u2019\u00e2ge de 15 ans, a \u00e9t\u00e9 canonis\u00e9 par le pape L\u00e9on XIV ce dimanche 7 septembre. Depuis 20 ans, l\u2019apparence intacte de sa d\u00e9pouille, expos\u00e9e \u00e0 Assise, interroge.\n<\/p>\n<p>            <a href=\"https:\/\/www.lefigaro.fr\/flash-actu\/eclipse-lunaire-totale-les-sublimes-images-de-la-lune-de-sang-a-travers-le-monde-20250907\" class=\"fig-ranking-profile-link\" data-fig-domain=\"LEFIGARO\" target=\"_blank\" rel=\"noopener\"><\/p>\n<p>        \u00c9clipse lunaire totale: les sublimes images de la Lune de sang \u00e0 travers le monde<\/p>\n<p>                                                <\/a><\/p>\n<p>        <img   class=\"fig-img fig-ranking-profile-media-small-picture__photo\" alt=\"\u00c9clipse lunaire totale: les sublimes images de la Lune de sang \u00e0 travers le monde\" height=\"1080\" width=\"1920\"\/><\/p>\n<p class=\"fig-ranking-profile-standfirst\">\n    Une \u00e9clipse lunaire totale s\u2019est produite dimanche 7 septembre. La Lune s\u2019est teint\u00e9e de rouge de fa\u00e7on plus ou moins visible dans les diff\u00e9rentes parties du globe.\n<\/p>\n<p>            <a href=\"https:\/\/www.lefigaro.fr\/sciences\/l-effet-lazare-quand-les-especes-disparues-reapparaissent-20250905\" class=\"fig-ranking-profile-link\" aria-label=\"L\u2019effet \u00abLazare\u00bb\u00a0: quand les esp\u00e8ces disparues r\u00e9apparaissent (article Premium)\" title=\"L\u2019effet \u00abLazare\u00bb\u00a0: quand les esp\u00e8ces disparues r\u00e9apparaissent (article Premium)\" data-fig-domain=\"LEFIGARO\" target=\"_blank\" rel=\"noopener\"><\/p>\n<p>        L\u2019effet \u00abLazare\u00bb\u00a0: quand les esp\u00e8ces disparues r\u00e9apparaissent<\/p>\n<p>                                                <\/a><\/p>\n<p>        <img   class=\"fig-img fig-ranking-profile-media-small-picture__photo\" alt=\"L\u2019effet \u00abLazare\u00bb\u00a0: quand les esp\u00e8ces disparues r\u00e9apparaissent\" height=\"720\" width=\"1280\"\/><\/p>\n<p class=\"fig-ranking-profile-standfirst\">\n    <strong>VU D\u2019AILLEURS &#8211; <\/strong>L\u2019extinction des esp\u00e8ces est pr\u00e9occupante, mais l\u2019effet Lazare apporte une lueur d\u2019espoir\u00a0: des esp\u00e8ces que l\u2019on croyait \u00e9teintes sont red\u00e9couvertes, parfois par hasard, parfois gr\u00e2ce \u00e0 des m\u00e9thodes de recherche \u00e9labor\u00e9es, aussi bien par des scientifiques que par des amateurs.<\/p>\n","protected":false},"excerpt":{"rendered":"Canonisation de Carlo Acutis\u00a0: comment le corps du jeune homme, d\u00e9c\u00e9d\u00e9 en 2006, est-il conserv\u00e9\u00a0? FOCUS &#8211; L\u2019Italien,&hellip;\n","protected":false},"author":2,"featured_media":376060,"comment_status":"","ping_status":"","sticky":false,"template":"","format":"standard","meta":{"footnotes":""},"categories":[7],"tags":[28789,1011,27,5140,43,40,41,39,42,44],"class_list":{"0":"post-376059","1":"post","2":"type-post","3":"status-publish","4":"format-standard","5":"has-post-thumbnail","7":"category-sciences-et-technologies","8":"tag-dioxyde-de-carbone","9":"tag-fr","10":"tag-france","11":"tag-rechauffement-climatique","12":"tag-science","13":"tag-science-and-technology","14":"tag-sciences","15":"tag-sciences-et-technologies","16":"tag-technologies","17":"tag-technology"},"share_on_mastodon":{"url":"https:\/\/pubeurope.com\/@fr\/115170583731619772","error":""},"_links":{"self":[{"href":"https:\/\/www.europesays.com\/fr\/wp-json\/wp\/v2\/posts\/376059","targetHints":{"allow":["GET"]}}],"collection":[{"href":"https:\/\/www.europesays.com\/fr\/wp-json\/wp\/v2\/posts"}],"about":[{"href":"https:\/\/www.europesays.com\/fr\/wp-json\/wp\/v2\/types\/post"}],"author":[{"embeddable":true,"href":"https:\/\/www.europesays.com\/fr\/wp-json\/wp\/v2\/users\/2"}],"replies":[{"embeddable":true,"href":"https:\/\/www.europesays.com\/fr\/wp-json\/wp\/v2\/comments?post=376059"}],"version-history":[{"count":0,"href":"https:\/\/www.europesays.com\/fr\/wp-json\/wp\/v2\/posts\/376059\/revisions"}],"wp:featuredmedia":[{"embeddable":true,"href":"https:\/\/www.europesays.com\/fr\/wp-json\/wp\/v2\/media\/376060"}],"wp:attachment":[{"href":"https:\/\/www.europesays.com\/fr\/wp-json\/wp\/v2\/media?parent=376059"}],"wp:term":[{"taxonomy":"category","embeddable":true,"href":"https:\/\/www.europesays.com\/fr\/wp-json\/wp\/v2\/categories?post=376059"},{"taxonomy":"post_tag","embeddable":true,"href":"https:\/\/www.europesays.com\/fr\/wp-json\/wp\/v2\/tags?post=376059"}],"curies":[{"name":"wp","href":"https:\/\/api.w.org\/{rel}","templated":true}]}}