{"id":376067,"date":"2025-09-08T20:36:13","date_gmt":"2025-09-08T20:36:13","guid":{"rendered":"https:\/\/www.europesays.com\/fr\/376067\/"},"modified":"2025-09-08T20:36:13","modified_gmt":"2025-09-08T20:36:13","slug":"la-ville-de-gaza-brule-et-le-monde-regarde-en-silence-alerte-mahmoud-bassal-porte-parole-de-la-defense-civile","status":"publish","type":"post","link":"https:\/\/www.europesays.com\/fr\/376067\/","title":{"rendered":"\u00ab\u00a0La ville de Gaza br\u00fble\u00a0\u00bb et \u00ab\u00a0le monde regarde en silence\u00a0\u00bb, alerte Mahmoud Bassal, porte-parole de la d\u00e9fense civile"},"content":{"rendered":"<p>   Itamar Ben Gvir, le ministre charg\u00e9 de la s\u00e9curit\u00e9 nationale isra\u00e9lien rejette un ordre de justice de mieux nourrir les d\u00e9tenus palestiniens             <\/p>\n<p class=\"post__live-container--answer-text post__space-node\">Le ministre de la s\u00e9curit\u00e9 nationale isra\u00e9lien, Itamar Ben Gvir (extr\u00eame droite), a annonc\u00e9 lundi qu\u2019il n\u2019appliquerait pas une d\u00e9cision de la plus haute juridiction du pays ordonnant de mieux nourrir les prisonniers palestiniens.<\/p>\n<p class=\"post__live-container--answer-text post__space-node\">Statuant en r\u00e9ponse \u00e0 une requ\u00eate d\u00e9pos\u00e9e par deux groupes isra\u00e9liens de d\u00e9fense des droits humains, la Cour supr\u00eame a estim\u00e9 que l\u2019administration p\u00e9nitentiaire ne fournissait pas aux d\u00e9tenus une alimentation conforme aux \u00ab\u00a0conditions de vie minimales pr\u00e9vues par la loi\u00a0\u00bb. Elle a soulign\u00e9 qu\u2019il n\u2019y avait aucune preuve que la r\u00e9duction des rations avait un effet dissuasif et not\u00e9 que les t\u00e9moignages d\u2019otages lib\u00e9r\u00e9s des mains du Hamas \u00e0 Gaza sugg\u00e9raient que le traitement des prisonniers palestiniens pouvait avoir un impact n\u00e9gatif sur les conditions de captivit\u00e9 des otages toujours d\u00e9tenus dans le territoire palestinien. \u00ab\u00a0Une soci\u00e9t\u00e9 se mesure, entre autres, \u00e0 la mani\u00e8re dont elle traite ses prisonniers\u00a0\u00bb, a mis en avant la Cour.<\/p>\n<p class=\"post__live-container--answer-text post__space-node\">M.\u00a0Ben Gvir s\u2019exprimait aux c\u00f4t\u00e9s du premier ministre, Benyamin N\u00e9tanyahou, sur les lieux d\u2019une attaque arm\u00e9e perp\u00e9tr\u00e9e par deux Palestiniens \u00e0 J\u00e9rusalem-Est, qui a tu\u00e9 six Isra\u00e9liens lundi matin. \u00ab\u00a0La Cour supr\u00eame a encore assoupli les conditions de d\u00e9tention des terroristes et des meurtriers\u00a0\u00bb, s\u2019est indign\u00e9 M. Ben Gvir, qui supervise les services p\u00e9nitentiaires \u00ab\u00a0Cela n\u2019arrivera pas, pas sous notre surveillance. Les conditions de d\u00e9tention resteront inchang\u00e9es. Cela renforce la dissuasion\u00a0\u00bb, a-t-il ajout\u00e9. \u00ab\u00a0Depuis que j\u2019ai pris mes fonctions de ministre de la s\u00e9curit\u00e9 nationale, l\u2019un des principaux objectifs que je me suis fix\u00e9 a \u00e9t\u00e9 d\u2019aggraver les conditions de d\u00e9tention des terroristes\u00a0\u00bb, avait-il \u00e9crit sur X en juillet dernier, tout en reconnaissant aller \u00e0 l\u2019encontre des conseils de l\u2019agence de s\u00e9curit\u00e9 int\u00e9rieure, le Shin Bet.<\/p>\n<p class=\"post__live-container--answer-text post__space-node\">\u00ab\u00a0Nous ne faciliterons pas la vie de nos ennemis\u00a0\u00bb, a pour sa part affirm\u00e9 M. N\u00e9tanyahou, mettant en avant que les juges faisaient \u00ab\u00a0\u00e9galement partie de cette guerre\u00a0\u00bb.<\/p>\n<p class=\"post__live-container--answer-text post__space-node\">Le ministre de la justice, Yariv Levin, s\u2019en est \u00e9galement pris \u00e0 la Cour. \u00ab\u00a0Alors que les otages meurent de faim dans les tunnels, deux juges de la Cour supr\u00eame exigent que la nourriture donn\u00e9e aux pires terroristes soit am\u00e9lior\u00e9e\u00a0\u00bb, a-t-il fustig\u00e9 dimanche sur sa cha\u00eene Telegram.<\/p>\n<p>                 <img decoding=\"async\" class=\"post__live-container--img post__space-node\"  src=\"https:\/\/www.europesays.com\/fr\/wp-content\/uploads\/2025\/09\/6cf853f_ftp-import-images-1-oto3ghh8mikm-2025-09-08t083701z-1792997979-rc2knga06b9y-rtrmadp-3-israel.jpeg\" data- alt=\"Itamar Ben Gvir, le ministre charg\u00e9 de la s\u00e9curit\u00e9 nationale isra\u00e9lien, \u00e0 J\u00e9rusalem-Est, le 8\u00a0septembre 2025.\"\/>   Itamar Ben Gvir, le ministre charg\u00e9 de la s\u00e9curit\u00e9 nationale isra\u00e9lien, \u00e0 J\u00e9rusalem-Est, le 8\u00a0septembre 2025. RONEN ZVULUN \/ REUTERS         <\/p>\n","protected":false},"excerpt":{"rendered":"Itamar Ben Gvir, le ministre charg\u00e9 de la s\u00e9curit\u00e9 nationale isra\u00e9lien rejette un ordre de justice de mieux&hellip;\n","protected":false},"author":2,"featured_media":376068,"comment_status":"","ping_status":"","sticky":false,"template":"","format":"standard","meta":{"footnotes":""},"categories":[2],"tags":[11,1011,27,12],"class_list":{"0":"post-376067","1":"post","2":"type-post","3":"status-publish","4":"format-standard","5":"has-post-thumbnail","7":"category-actualites","8":"tag-actualites","9":"tag-fr","10":"tag-france","11":"tag-news"},"share_on_mastodon":{"url":"https:\/\/pubeurope.com\/@fr\/115170599470205416","error":""},"_links":{"self":[{"href":"https:\/\/www.europesays.com\/fr\/wp-json\/wp\/v2\/posts\/376067","targetHints":{"allow":["GET"]}}],"collection":[{"href":"https:\/\/www.europesays.com\/fr\/wp-json\/wp\/v2\/posts"}],"about":[{"href":"https:\/\/www.europesays.com\/fr\/wp-json\/wp\/v2\/types\/post"}],"author":[{"embeddable":true,"href":"https:\/\/www.europesays.com\/fr\/wp-json\/wp\/v2\/users\/2"}],"replies":[{"embeddable":true,"href":"https:\/\/www.europesays.com\/fr\/wp-json\/wp\/v2\/comments?post=376067"}],"version-history":[{"count":0,"href":"https:\/\/www.europesays.com\/fr\/wp-json\/wp\/v2\/posts\/376067\/revisions"}],"wp:featuredmedia":[{"embeddable":true,"href":"https:\/\/www.europesays.com\/fr\/wp-json\/wp\/v2\/media\/376068"}],"wp:attachment":[{"href":"https:\/\/www.europesays.com\/fr\/wp-json\/wp\/v2\/media?parent=376067"}],"wp:term":[{"taxonomy":"category","embeddable":true,"href":"https:\/\/www.europesays.com\/fr\/wp-json\/wp\/v2\/categories?post=376067"},{"taxonomy":"post_tag","embeddable":true,"href":"https:\/\/www.europesays.com\/fr\/wp-json\/wp\/v2\/tags?post=376067"}],"curies":[{"name":"wp","href":"https:\/\/api.w.org\/{rel}","templated":true}]}}