{"id":376069,"date":"2025-09-08T20:37:32","date_gmt":"2025-09-08T20:37:32","guid":{"rendered":"https:\/\/www.europesays.com\/fr\/376069\/"},"modified":"2025-09-08T20:37:32","modified_gmt":"2025-09-08T20:37:32","slug":"saint-chamond-bernadette-et-alcide-allorio-une-histoire-damour-et-dart","status":"publish","type":"post","link":"https:\/\/www.europesays.com\/fr\/376069\/","title":{"rendered":"Saint-Chamond. Bernadette et Alcide Allorio, une histoire d\u2019amour et d\u2019art"},"content":{"rendered":"<p>\u00ab\u00a0Je suis n\u00e9e \u00e0 Saint-Chamond de parents italiens\u00a0\u00bb, raconte Bernadette. \u00ab\u00a0En 1960, en vacances en Italie, j\u2019ai rencontr\u00e9 Alcide. On n\u2019a plus voulu se s\u00e9parer.\u00a0\u00a0\u00bb<\/p>\n<p>Alcide, ouvrier agricole et vannier de 28 ans, a alors quitt\u00e9 l\u2019Italie pour suivre en France celle dont il \u00e9tait tomb\u00e9 amoureux\u00a0: \u00ab\u00a0J\u2019ai travaill\u00e9 quelques ann\u00e9es dans le b\u00e2timent sans parler un mot de fran\u00e7ais, puis \u00e0 l\u2019entretien \u00e0 Creusot-Loire.\u00a0J\u2019ai \u00e9t\u00e9 un temps \u00e9lectricien chez Forissier-Poyetton&#8230;<\/p>\n","protected":false},"excerpt":{"rendered":"\u00ab\u00a0Je suis n\u00e9e \u00e0 Saint-Chamond de parents italiens\u00a0\u00bb, raconte Bernadette. \u00ab\u00a0En 1960, en vacances en Italie, j\u2019ai rencontr\u00e9&hellip;\n","protected":false},"author":2,"featured_media":376070,"comment_status":"","ping_status":"","sticky":false,"template":"","format":"standard","meta":{"footnotes":""},"categories":[9653],"tags":[1111,11,2430,1687,7539,1777,674,1011,27,12,25,9669,9670,4001],"class_list":{"0":"post-376069","1":"post","2":"type-post","3":"status-publish","4":"format-standard","5":"has-post-thumbnail","7":"category-saint-etienne","8":"tag-actu","9":"tag-actualites","10":"tag-auvergne-rhone-alpes","11":"tag-culture-loisirs","12":"tag-edition-loire-sud","13":"tag-eu","14":"tag-europe","15":"tag-fr","16":"tag-france","17":"tag-news","18":"tag-republique-francaise","19":"tag-saint-chamond","20":"tag-saint-chamond-ville","21":"tag-saint-etienne"},"share_on_mastodon":{"url":"https:\/\/pubeurope.com\/@fr\/115170603460627787","error":""},"_links":{"self":[{"href":"https:\/\/www.europesays.com\/fr\/wp-json\/wp\/v2\/posts\/376069","targetHints":{"allow":["GET"]}}],"collection":[{"href":"https:\/\/www.europesays.com\/fr\/wp-json\/wp\/v2\/posts"}],"about":[{"href":"https:\/\/www.europesays.com\/fr\/wp-json\/wp\/v2\/types\/post"}],"author":[{"embeddable":true,"href":"https:\/\/www.europesays.com\/fr\/wp-json\/wp\/v2\/users\/2"}],"replies":[{"embeddable":true,"href":"https:\/\/www.europesays.com\/fr\/wp-json\/wp\/v2\/comments?post=376069"}],"version-history":[{"count":0,"href":"https:\/\/www.europesays.com\/fr\/wp-json\/wp\/v2\/posts\/376069\/revisions"}],"wp:featuredmedia":[{"embeddable":true,"href":"https:\/\/www.europesays.com\/fr\/wp-json\/wp\/v2\/media\/376070"}],"wp:attachment":[{"href":"https:\/\/www.europesays.com\/fr\/wp-json\/wp\/v2\/media?parent=376069"}],"wp:term":[{"taxonomy":"category","embeddable":true,"href":"https:\/\/www.europesays.com\/fr\/wp-json\/wp\/v2\/categories?post=376069"},{"taxonomy":"post_tag","embeddable":true,"href":"https:\/\/www.europesays.com\/fr\/wp-json\/wp\/v2\/tags?post=376069"}],"curies":[{"name":"wp","href":"https:\/\/api.w.org\/{rel}","templated":true}]}}