{"id":376075,"date":"2025-09-08T20:40:24","date_gmt":"2025-09-08T20:40:24","guid":{"rendered":"https:\/\/www.europesays.com\/fr\/376075\/"},"modified":"2025-09-08T20:40:24","modified_gmt":"2025-09-08T20:40:24","slug":"rencontre-et-dedicace-avec-sophie-loubiere","status":"publish","type":"post","link":"https:\/\/www.europesays.com\/fr\/376075\/","title":{"rendered":"Rencontre et d\u00e9dicace avec Sophie Loubi\u00e8re"},"content":{"rendered":"<p>Sophie Loubi\u00e8re ira \u00e0 la rencontre de ses lecteurs et pr\u00e9sentera ses derniers romans Une minute de silence , paru aux \u00e9ditions Dark Side (Hachette) en avril\u00a02025 et Obsol\u00e8te , paru en septembre\u00a02024 chez Belfond. Elle se pr\u00eatera ensuite \u00e0 une s\u00e9ance de d\u00e9dicaces.<\/p>\n<p class=\"note\">Jeudi 11\u00a0septembre, \u00e0 18\u00a0h\u00a045, au ch\u00e2teau Mme -de-Graffigny, rue Albert-1er, \u00e0 Villers-l\u00e8s-Nancy. Entr\u00e9e libre.<\/p>\n","protected":false},"excerpt":{"rendered":"Sophie Loubi\u00e8re ira \u00e0 la rencontre de ses lecteurs et pr\u00e9sentera ses derniers romans Une minute de silence&hellip;\n","protected":false},"author":2,"featured_media":376076,"comment_status":"","ping_status":"","sticky":false,"template":"","format":"standard","meta":{"footnotes":""},"categories":[9635],"tags":[1111,11,6211,1687,1704,1777,674,1011,27,775,2410,10262,1702,12,5486,25,10261],"class_list":{"0":"post-376075","1":"post","2":"type-post","3":"status-publish","4":"format-standard","5":"has-post-thumbnail","7":"category-nancy","8":"tag-actu","9":"tag-actualites","10":"tag-conference","11":"tag-culture-loisirs","12":"tag-edition-nancy-et-agglomeration","13":"tag-eu","14":"tag-europe","15":"tag-fr","16":"tag-france","17":"tag-grand-est","18":"tag-livres-bd","19":"tag-metropole-du-grand-nancy-54b5","20":"tag-nancy","21":"tag-news","22":"tag-rencontre","23":"tag-republique-francaise","24":"tag-villers-les-nancy"},"share_on_mastodon":{"url":"https:\/\/pubeurope.com\/@fr\/115170615217137068","error":""},"_links":{"self":[{"href":"https:\/\/www.europesays.com\/fr\/wp-json\/wp\/v2\/posts\/376075","targetHints":{"allow":["GET"]}}],"collection":[{"href":"https:\/\/www.europesays.com\/fr\/wp-json\/wp\/v2\/posts"}],"about":[{"href":"https:\/\/www.europesays.com\/fr\/wp-json\/wp\/v2\/types\/post"}],"author":[{"embeddable":true,"href":"https:\/\/www.europesays.com\/fr\/wp-json\/wp\/v2\/users\/2"}],"replies":[{"embeddable":true,"href":"https:\/\/www.europesays.com\/fr\/wp-json\/wp\/v2\/comments?post=376075"}],"version-history":[{"count":0,"href":"https:\/\/www.europesays.com\/fr\/wp-json\/wp\/v2\/posts\/376075\/revisions"}],"wp:featuredmedia":[{"embeddable":true,"href":"https:\/\/www.europesays.com\/fr\/wp-json\/wp\/v2\/media\/376076"}],"wp:attachment":[{"href":"https:\/\/www.europesays.com\/fr\/wp-json\/wp\/v2\/media?parent=376075"}],"wp:term":[{"taxonomy":"category","embeddable":true,"href":"https:\/\/www.europesays.com\/fr\/wp-json\/wp\/v2\/categories?post=376075"},{"taxonomy":"post_tag","embeddable":true,"href":"https:\/\/www.europesays.com\/fr\/wp-json\/wp\/v2\/tags?post=376075"}],"curies":[{"name":"wp","href":"https:\/\/api.w.org\/{rel}","templated":true}]}}