{"id":376077,"date":"2025-09-08T20:41:10","date_gmt":"2025-09-08T20:41:10","guid":{"rendered":"https:\/\/www.europesays.com\/fr\/376077\/"},"modified":"2025-09-08T20:41:10","modified_gmt":"2025-09-08T20:41:10","slug":"dix-neuf-talents-provencaux-a-lespace-saint-nazaire-de-sanary","status":"publish","type":"post","link":"https:\/\/www.europesays.com\/fr\/376077\/","title":{"rendered":"Dix-neuf talents proven\u00e7aux \u00e0 l\u2019Espace Saint-Nazaire de Sanary"},"content":{"rendered":"<p>\u00c0 l\u2019espace Saint-Nazaire, dix-neuf artistes pr\u00e9sentent jusqu\u2019au 28 septembre leurs visions aussi belles qu\u2019uniques de la Provence. C\u2019est la 4e exposition sanaryenne organis\u00e9e par les Imagiers proven\u00e7aux, une association qui r\u00e9unit peintres et sculpteurs varois, professionnels et amateurs \u00e9clair\u00e9s&#8230; Et f\u00eate cette ann\u00e9e ses 90 ans! Elle est pr\u00e9sid\u00e9e depuis peu par le contre-amiral Pierre-Jean R\u00e9my, lui-m\u00eame artiste et exposant, et anim\u00e9e par \u00ab\u00a0la passion de l\u2019art et le go\u00fbt du partage et de la transmission\u00a0\u00bb.<\/p>\n<p>1935, 1er Salon des Imagiers proven\u00e7aux \u00e0 Toulon<\/p>\n<p>D\u00e8s la premi\u00e8re salle, on est frapp\u00e9s par la qualit\u00e9 des \u0153uvres, mais aussi par leur extr\u00eame diversit\u00e9. Pierre-Jean s\u2019est f\u00e9licit\u00e9 de l\u2019exigence des artistes \u00ab\u00a0aux sensibilit\u00e9s diff\u00e9rentes mais unis par leur amour de la Provence, qu\u2019ils subliment de leur regard unique\u00a0\u00bb. Deux nouvelles recrues ont rejoint l\u2019association: Dominique Marti, peintre et c\u00e9ramiste, et Diana Khamzina, \u00ab\u00a0une peintre ousb\u00e8ke mais profond\u00e9ment proven\u00e7ale!\u00a0\u00bb, qui peint avec les m\u00eames touches chaudes et expressives les Deux fr\u00e8res, champs de lavande et ruelles du vieux Toulon.<\/p>\n<p>Des talents \u00e0 d\u00e9couvrir<\/p>\n<p>Les visiteurs iront de d\u00e9couverte en d\u00e9couverte avec les p\u00eacheurs au rendu graphique d\u2019Henry-Pierre Ruotolo, les oliviers dansants de Jean-Yves Templier, les d\u00e9licates aquarelles de Jacques Salles ou les pins japonisants de Patricia Vasseur. Alex G\u00e9raudie nous immerge dans une f\u00eate de Saint-Eloi plus vraie que nature, entre une somptueuse rade de Toulon et une plage de la Verne aux magnifiques couleurs.<\/p>\n<p>Des talents exprim\u00e9s \u00e0 travers toutes sortes de techniques, lavis et huile pour les sous-bois myst\u00e9rieux et campagnes radieuses de Renaud Jobin, pastel pour les jardins secrets de Roselyne Lecocq, aquarelle pour les \u00e9blouissantes marines de V\u00e9ra Raybaut, ou techniques mixtes comme les superbes paysages de Jean-Pierre Dubois, d\u00e9clin\u00e9s avec le m\u00eame bonheur sur toile ou c\u00e9ramique. On per\u00e7oit la forte personnalit\u00e9 de ces artistes, comme Paul C\u00e8ze au sacr\u00e9 trait de crayon pour ses coupeurs de lavande et sa Sieste expressionniste, ou Paul Jouan et ses saisissants paysages en bandes fragment\u00e9es! Et avec des prix raisonnables, il ne faut pas manquer ces superbes visions de la Provence!<\/p>\n<p>Salon des Imagiers proven\u00e7aux, jusqu\u2019au 28 septembre \u00e0 l\u2019Espace Saint-Nazaire, du mardi au dimanche de 10h \u00e0 12h30 et de 14h \u00e0 18h30. Informations 04.94.32.97.89.<\/p>\n<p>              <img ci-src=\"https:\/\/www.varmatin.com\/vie-associative\/protec\/DATA_ART_16208316-5mLZIE01.jpeg?vh=c6e7da&amp;ci_seal=916d05c178\" alt=\"\"\/><br \/>\n        Immersion dans la f\u00eate de Saint-Eloi d\u2019Ollioules par Alex G\u00e9raudie.  <strong>Repro I. JA..<\/strong> <\/p>\n","protected":false},"excerpt":{"rendered":"\u00c0 l\u2019espace Saint-Nazaire, dix-neuf artistes pr\u00e9sentent jusqu\u2019au 28 septembre leurs visions aussi belles qu\u2019uniques de la Provence. C\u2019est&hellip;\n","protected":false},"author":2,"featured_media":376078,"comment_status":"","ping_status":"","sticky":false,"template":"","format":"standard","meta":{"footnotes":""},"categories":[9619],"tags":[1111,11,251,1777,674,1011,27,1393,12,882,25,2310,1631,3366],"class_list":{"0":"post-376077","1":"post","2":"type-post","3":"status-publish","4":"format-standard","5":"has-post-thumbnail","7":"category-toulon","8":"tag-actu","9":"tag-actualites","10":"tag-culture","11":"tag-eu","12":"tag-europe","13":"tag-fr","14":"tag-france","15":"tag-loisirs","16":"tag-news","17":"tag-provence-alpes-cote-dazur","18":"tag-republique-francaise","19":"tag-toulon","20":"tag-vie-associative","21":"tag-vie-locale"},"share_on_mastodon":{"url":"https:\/\/pubeurope.com\/@fr\/115170619164503685","error":""},"_links":{"self":[{"href":"https:\/\/www.europesays.com\/fr\/wp-json\/wp\/v2\/posts\/376077","targetHints":{"allow":["GET"]}}],"collection":[{"href":"https:\/\/www.europesays.com\/fr\/wp-json\/wp\/v2\/posts"}],"about":[{"href":"https:\/\/www.europesays.com\/fr\/wp-json\/wp\/v2\/types\/post"}],"author":[{"embeddable":true,"href":"https:\/\/www.europesays.com\/fr\/wp-json\/wp\/v2\/users\/2"}],"replies":[{"embeddable":true,"href":"https:\/\/www.europesays.com\/fr\/wp-json\/wp\/v2\/comments?post=376077"}],"version-history":[{"count":0,"href":"https:\/\/www.europesays.com\/fr\/wp-json\/wp\/v2\/posts\/376077\/revisions"}],"wp:featuredmedia":[{"embeddable":true,"href":"https:\/\/www.europesays.com\/fr\/wp-json\/wp\/v2\/media\/376078"}],"wp:attachment":[{"href":"https:\/\/www.europesays.com\/fr\/wp-json\/wp\/v2\/media?parent=376077"}],"wp:term":[{"taxonomy":"category","embeddable":true,"href":"https:\/\/www.europesays.com\/fr\/wp-json\/wp\/v2\/categories?post=376077"},{"taxonomy":"post_tag","embeddable":true,"href":"https:\/\/www.europesays.com\/fr\/wp-json\/wp\/v2\/tags?post=376077"}],"curies":[{"name":"wp","href":"https:\/\/api.w.org\/{rel}","templated":true}]}}