{"id":376079,"date":"2025-09-08T20:42:12","date_gmt":"2025-09-08T20:42:12","guid":{"rendered":"https:\/\/www.europesays.com\/fr\/376079\/"},"modified":"2025-09-08T20:42:12","modified_gmt":"2025-09-08T20:42:12","slug":"toulon-meteo-un-ciel-nuageux-mardi-matin-sur-la-region","status":"publish","type":"post","link":"https:\/\/www.europesays.com\/fr\/376079\/","title":{"rendered":"TOULON : M\u00e9t\u00e9o &#8211; Un ciel nuageux mardi matin sur la r\u00e9gion"},"content":{"rendered":"<p style=\"text-align: left;\"><strong>Un ciel nuageux ce mardi matin sur la r\u00e9gion Provence-Alpes-C\u00f4te d\u2019Azur, mais l\u2019ambiance restera globalement lumineuse au fil de la journ\u00e9e.<\/strong><\/p>\n<p style=\"text-align: left;\">Attention toutefois : la nuit prochaine, une perturbation apportera de la pluie sur l\u2019ensemble du Sud, parfois avec de bonnes intensit\u00e9s.<\/p>\n<p style=\"text-align: left;\">Cette d\u00e9gradation se g\u00e9n\u00e9ralisera demain.<br data-start=\"430\" data-end=\"433\"\/>Les temp\u00e9ratures restent agr\u00e9ables : entre 15 et 21\u00b0 ce matin, puis de 23 \u00e0 27\u00b0 l\u2019apr\u00e8s-midi.<br data-start=\"526\" data-end=\"529\"\/>Dans les Alpes du Sud, on attend 23\u00b0 \u00e0\u00a0<strong data-start=\"568\" data-end=\"579\">Barreme<\/strong>. Comptez 26\u00b0 \u00e0\u00a0<strong data-start=\"595\" data-end=\"614\">Aix-en-Provence<\/strong>,\u00a0<strong data-start=\"616\" data-end=\"623\">Apt<\/strong>,\u00a0<strong data-start=\"625\" data-end=\"637\">Vaugines<\/strong>,\u00a0<strong data-start=\"639\" data-end=\"651\">Auribeau<\/strong>,\u00a0<strong data-start=\"653\" data-end=\"663\">Gordes<\/strong>\u00a0et\u00a0<strong data-start=\"667\" data-end=\"678\">Avignon<\/strong>.<br data-start=\"679\" data-end=\"682\"\/>26\u00b0 \u00e9galement vers\u00a0<strong data-start=\"701\" data-end=\"711\">Toulon<\/strong>,\u00a0<strong data-start=\"713\" data-end=\"723\">Hy\u00e8res<\/strong>,\u00a0<strong data-start=\"725\" data-end=\"737\">La Londe-les-Maures<\/strong>\u00a0et\u00a0<strong data-start=\"741\" data-end=\"763\">Bormes-les-Mimosas<\/strong>.<br data-start=\"764\" data-end=\"767\"\/>Et 27\u00b0 du c\u00f4t\u00e9 de\u00a0<strong data-start=\"785\" data-end=\"795\">Bandol<\/strong>,\u00a0<strong data-start=\"797\" data-end=\"807\">Sanary<\/strong>,\u00a0<strong data-start=\"809\" data-end=\"827\">Saint-Mandrier<\/strong>,\u00a0<strong data-start=\"829\" data-end=\"841\">La Seyne-sur-Mer<\/strong>, mais aussi \u00e0\u00a0<strong data-start=\"856\" data-end=\"869\">La Ciotat<\/strong>\u00a0et\u00a0<strong data-start=\"873\" data-end=\"886\">Marseille<\/strong>.<\/p>\n<p style=\"text-align: left;\"><strong>ComLaRadio\u00a0<\/strong><br \/><strong>Thierry CARI<\/strong><br \/><strong>Voix Off<\/strong><br \/><strong>Animateur \/ pr\u00e9sentateur<\/strong><br \/><strong><a href=\"https:\/\/presseagence.fr\/toulon-meteo-un-ciel-nuageux-mardi-matin-sur-la-region\/mailto:Contact@thierrycari.com\" rel=\"nofollow noopener\" target=\"_blank\">Contact@thierrycari.com<\/a><\/strong><br \/><strong><a href=\"http:\/\/www.thierrycari.com\" rel=\"nofollow noopener\" target=\"_blank\">www.thierrycari.com<\/a><\/strong><\/p>\n","protected":false},"excerpt":{"rendered":"Un ciel nuageux ce mardi matin sur la r\u00e9gion Provence-Alpes-C\u00f4te d\u2019Azur, mais l\u2019ambiance restera globalement lumineuse au fil&hellip;\n","protected":false},"author":2,"featured_media":268916,"comment_status":"","ping_status":"","sticky":false,"template":"","format":"standard","meta":{"footnotes":""},"categories":[9619],"tags":[1111,11,1777,674,1011,27,12,882,25,2310],"class_list":{"0":"post-376079","1":"post","2":"type-post","3":"status-publish","4":"format-standard","5":"has-post-thumbnail","7":"category-toulon","8":"tag-actu","9":"tag-actualites","10":"tag-eu","11":"tag-europe","12":"tag-fr","13":"tag-france","14":"tag-news","15":"tag-provence-alpes-cote-dazur","16":"tag-republique-francaise","17":"tag-toulon"},"share_on_mastodon":{"url":"https:\/\/pubeurope.com\/@fr\/115170623154498360","error":""},"_links":{"self":[{"href":"https:\/\/www.europesays.com\/fr\/wp-json\/wp\/v2\/posts\/376079","targetHints":{"allow":["GET"]}}],"collection":[{"href":"https:\/\/www.europesays.com\/fr\/wp-json\/wp\/v2\/posts"}],"about":[{"href":"https:\/\/www.europesays.com\/fr\/wp-json\/wp\/v2\/types\/post"}],"author":[{"embeddable":true,"href":"https:\/\/www.europesays.com\/fr\/wp-json\/wp\/v2\/users\/2"}],"replies":[{"embeddable":true,"href":"https:\/\/www.europesays.com\/fr\/wp-json\/wp\/v2\/comments?post=376079"}],"version-history":[{"count":0,"href":"https:\/\/www.europesays.com\/fr\/wp-json\/wp\/v2\/posts\/376079\/revisions"}],"wp:featuredmedia":[{"embeddable":true,"href":"https:\/\/www.europesays.com\/fr\/wp-json\/wp\/v2\/media\/268916"}],"wp:attachment":[{"href":"https:\/\/www.europesays.com\/fr\/wp-json\/wp\/v2\/media?parent=376079"}],"wp:term":[{"taxonomy":"category","embeddable":true,"href":"https:\/\/www.europesays.com\/fr\/wp-json\/wp\/v2\/categories?post=376079"},{"taxonomy":"post_tag","embeddable":true,"href":"https:\/\/www.europesays.com\/fr\/wp-json\/wp\/v2\/tags?post=376079"}],"curies":[{"name":"wp","href":"https:\/\/api.w.org\/{rel}","templated":true}]}}