{"id":376080,"date":"2025-09-08T20:43:13","date_gmt":"2025-09-08T20:43:13","guid":{"rendered":"https:\/\/www.europesays.com\/fr\/376080\/"},"modified":"2025-09-08T20:43:13","modified_gmt":"2025-09-08T20:43:13","slug":"bayrou-tu-degages-macron-on-vient-de-chercher-a-montpellier-on-se-compte-avant-le-10-septembre","status":"publish","type":"post","link":"https:\/\/www.europesays.com\/fr\/376080\/","title":{"rendered":"\u00ab\u00a0Bayrou tu d\u00e9gages, Macron on vient de chercher\u00a0\u00bb : \u00c0 Montpellier, on se compte avant le 10 septembre"},"content":{"rendered":"<p>\t\t\t\t<a href=\"https:\/\/www.europesays.com\/fr\/wp-content\/uploads\/2025\/09\/8-septembre-mairie.jpg\" data-lightbox=\"lb\" data-title=\"Entre 250 et 300 personnes se sont r\u00e9unies \u00e0 Montpellier ce lundi 8 septembre pour f\u00eater le d\u00e9part de Fran\u00e7ois Bayrou. (\" le=\"\" poing=\"\"><br \/>\n\t\t\t\t\t<img decoding=\"async\" class=\"wp-image-7214 size-full\" src=\"https:\/\/www.europesays.com\/fr\/wp-content\/uploads\/2025\/09\/8-septembre-mairie.jpg\"\/><br \/>\n\t\t\t\t<\/a><\/p>\n<p>Entre 250 et 300 personnes se sont r\u00e9unies \u00e0 Montpellier ce lundi 8 septembre pour f\u00eater le d\u00e9part de Fran\u00e7ois Bayrou. (\u00ab\u00a0Le Poing\u00a0\u00bb)<\/p>\n<p><strong>Entre 250 et 300 personnes se sont r\u00e9unies devant l\u2019h\u00f4tel de ville \u00e0 Montpellier ce lundi 8 septembre pour un \u201cpot de d\u00e9part\u201d de Fran\u00e7ois Bayrou, alors que le gouvernement du premier Ministre vient de tomber \u00e0 l\u2019issue d\u2019un vote de confiance au parlement. L\u2019occasion de se retrouver avant le 10 septembre<\/strong><\/p>\n<p>Les yeux riv\u00e9s sur un \u00e9cran de t\u00e9l\u00e9phone, un petit groupe se met \u00e0 crier de joie \u00e0 l\u2019annonce de la nouvelle, bient\u00f4t rejoint par le reste de l\u2019assembl\u00e9e, r\u00e9unie devant l\u2019h\u00f4tel de ville de Montpellier. 364 contre, 195 pour : le gouvernement de Fran\u00e7ois Bayrou vient de tomber \u00e0 l\u2019issue d\u2019un vote de confiance au parlement. \u201cCertains R\u00e9publicains l\u2019ont l\u00e2ch\u00e9 !\u201d, s\u2019exclame Fran\u00e7oise, qui pensait que la droite soutiendrait unanimement le premier Ministre. Sabine, enseignante et syndicaliste \u00e0 Force ouvri\u00e8re, se r\u00e9jouit : \u201cOn a fait tomber Bayrou, et sans m\u00eame sortir dans la rue, l\u2019annonce de la mobilisation du 10 septembre a suffi !\u201d <\/p>\n<blockquote class=\"twitter-tweet\">\n<p lang=\"fr\" dir=\"ltr\">\u00c0 Montpellier, rassemblement festif devant la mairie pour le d\u00e9part de Fran\u00e7ois Bayrou de son poste de <a href=\"https:\/\/twitter.com\/hashtag\/PremierMinistre?src=hash&amp;ref_src=twsrc%5Etfw\" rel=\"nofollow noopener\" target=\"_blank\">#PremierMinistre<\/a> <a href=\"https:\/\/t.co\/miCOGXecLk\" rel=\"nofollow\">pic.twitter.com\/miCOGXecLk<\/a><\/p>\n<p>\u2014 Le Poing \u2013 Montpellier (@lepoinginfo) <a href=\"https:\/\/twitter.com\/lepoinginfo\/status\/1965099585447014778?ref_src=twsrc%5Etfw\" rel=\"nofollow noopener\" target=\"_blank\">September 8, 2025<\/a><\/p><\/blockquote>\n<p>Et si cette \u201cd\u00e9mission \u00e0 peine cach\u00e9e\u201d  avait pour but de tuer dans l\u2019\u0153uf la date du 10 septembre, c\u2019est rat\u00e9. Daniel, ancien gilet jaune du rond point de Pr\u00e8s-d\u2019Ar\u00e8nes, tr\u00e8s actif dans <a href=\"https:\/\/lepoing.net\/10-septembre-a-montpellier-des-assemblees-qui-continuent-a-prendre-de-lampleur-et-une-myriade-dinitiatives\/\" target=\"_blank\" rel=\"noreferrer noopener nofollow\">les assembl\u00e9es g\u00e9n\u00e9rales de pr\u00e9paration de cette rentr\u00e9e sociale<\/a>, commente : \u201cLe rendez-vous de ce soir est certes festif, mais il sert aussi \u00e0 r\u00e9approprier un espace public trop souvent d\u00e9laiss\u00e9 des mouvements sociaux, et aussi \u00e0 ce compter. J\u2019esp\u00e8re qu\u2019on sera plus nombreux mercredi.\u201d <\/p>\n<p>\u201cBayrou avait r\u00e9ussi \u00e0 \u00e9nerver tout le monde chez mes coll\u00e8gues, peut importe leur bord\u201d, s\u2019amuse de son c\u00f4t\u00e9 Cl\u00e9ment, salari\u00e9 montpelli\u00e9rain de l\u2019entreprise de jeu vid\u00e9o Ubisoft,<a href=\"https:\/\/lepoing.net\/montpellier-les-grevistes-dubisoft-denoncent-un-manque-de-dialogue-social\/\" target=\"_blank\" rel=\"noreferrer noopener nofollow\"> qui a connu de grosses gr\u00e8ves relatives aux conditions de travail ces derniers mois<\/a>. \u201cLe Syndicat des Travailleur\u00b7euses du jeu vid\u00e9o a pos\u00e9 un pr\u00e9avis du 10 au 18 septembre, et \u00e7a risque fort d\u2019\u00eatre suivi. Les gens attendaient la rentr\u00e9e, la mobilisation contre Bayrou risque de redynamiser notre lutte en interne pour nos conditions de travail\u201d, analyse Cl\u00e9ment, qui affirme qu\u2019il sera dans la rue le 10. <\/p>\n<p>Cela ne sera pas le cas d\u2019Hugo, venu \u201cpour ne pas vivre seul ce moment politique\u201d. \u201cMercredi, je vais rester chez moi et ne pas consommer. La r\u00e9pression polici\u00e8re me fait peur\u201d, explique-t-il.  Bernard, lui, avait \u201cbesoin de venir et de sentir le collectif.\u201d \u201cLes annonces du ministre de l\u2019Int\u00e9rieur de r\u00e9pression du moindre blocage me font peur, mais en voyant les gens ici, \u00e7a me rassure un peu\u201d, confie-t-il en souriant. <\/p>\n<p>Quant aux pronostics pour savoir quel premier ministre succ\u00e8dera \u00e0 Fran\u00e7ois Bayrou, Daniel, l\u2019ancien gilet jaune, n\u2019en a \u201crien \u00e0 foutre\u201d : \u201cIl fera de toute fa\u00e7on la m\u00eame chose. C\u2019est Macron qu\u2019il faut aller chercher !\u201d<\/p>\n<p>Nos articles sont gratuits car nous pensons que la presse ind\u00e9pendante doit \u00eatre accessible \u00e0 toutes et tous. Pourtant, produire une information engag\u00e9e et de qualit\u00e9 n\u00e9cessite du temps et de l\u2019argent, surtout quand on refuse d\u2019\u00eatre aux ordres de Bollor\u00e9 et de ses amis\u2026 Pourvu que \u00e7a dure\u00a0! \u00c7a tombe bien, \u00e7a ne tient qu\u2019\u00e0 vous :<\/p>\n<p>    <script async src=\"https:\/\/platform.twitter.com\/widgets.js\" charset=\"utf-8\"><\/script><\/p>\n","protected":false},"excerpt":{"rendered":"Entre 250 et 300 personnes se sont r\u00e9unies \u00e0 Montpellier ce lundi 8 septembre pour f\u00eater le d\u00e9part&hellip;\n","protected":false},"author":2,"featured_media":376081,"comment_status":"","ping_status":"","sticky":false,"template":"","format":"standard","meta":{"footnotes":""},"categories":[9599],"tags":[1111,11,1777,674,1011,27,2208,12,2680,25],"class_list":{"0":"post-376080","1":"post","2":"type-post","3":"status-publish","4":"format-standard","5":"has-post-thumbnail","7":"category-montpellier","8":"tag-actu","9":"tag-actualites","10":"tag-eu","11":"tag-europe","12":"tag-fr","13":"tag-france","14":"tag-montpellier","15":"tag-news","16":"tag-occitanie","17":"tag-republique-francaise"},"share_on_mastodon":{"url":"https:\/\/pubeurope.com\/@fr\/115170627439920653","error":""},"_links":{"self":[{"href":"https:\/\/www.europesays.com\/fr\/wp-json\/wp\/v2\/posts\/376080","targetHints":{"allow":["GET"]}}],"collection":[{"href":"https:\/\/www.europesays.com\/fr\/wp-json\/wp\/v2\/posts"}],"about":[{"href":"https:\/\/www.europesays.com\/fr\/wp-json\/wp\/v2\/types\/post"}],"author":[{"embeddable":true,"href":"https:\/\/www.europesays.com\/fr\/wp-json\/wp\/v2\/users\/2"}],"replies":[{"embeddable":true,"href":"https:\/\/www.europesays.com\/fr\/wp-json\/wp\/v2\/comments?post=376080"}],"version-history":[{"count":0,"href":"https:\/\/www.europesays.com\/fr\/wp-json\/wp\/v2\/posts\/376080\/revisions"}],"wp:featuredmedia":[{"embeddable":true,"href":"https:\/\/www.europesays.com\/fr\/wp-json\/wp\/v2\/media\/376081"}],"wp:attachment":[{"href":"https:\/\/www.europesays.com\/fr\/wp-json\/wp\/v2\/media?parent=376080"}],"wp:term":[{"taxonomy":"category","embeddable":true,"href":"https:\/\/www.europesays.com\/fr\/wp-json\/wp\/v2\/categories?post=376080"},{"taxonomy":"post_tag","embeddable":true,"href":"https:\/\/www.europesays.com\/fr\/wp-json\/wp\/v2\/tags?post=376080"}],"curies":[{"name":"wp","href":"https:\/\/api.w.org\/{rel}","templated":true}]}}