{"id":376088,"date":"2025-09-08T20:47:28","date_gmt":"2025-09-08T20:47:28","guid":{"rendered":"https:\/\/www.europesays.com\/fr\/376088\/"},"modified":"2025-09-08T20:47:28","modified_gmt":"2025-09-08T20:47:28","slug":"la-ville-de-pont-de-claix-distribue-un-livret-des-droits-sociaux","status":"publish","type":"post","link":"https:\/\/www.europesays.com\/fr\/376088\/","title":{"rendered":"La Ville de Pont-de-Claix distribue un \u00ab\u00a0livret des droits sociaux\u00a0\u00bb"},"content":{"rendered":"<p>Un \u00ab\u00a0livret des droits sociaux\u00a0\u00bb con\u00e7u pour per\u00admettre \u00e0 cha\u00adcun de mieux conna\u00eetre ses droits\u00a0? C\u2019est l\u2019i\u00adni\u00adtia\u00adtive lan\u00adc\u00e9e par la Ville de Pont-de-Claix au mois de sep\u00adtembre 2025. Une d\u00e9marche qui s\u2019ins\u00adcrit dans l\u2019exp\u00e9rimentation <a href=\"https:\/\/solidarites.gouv.fr\/acces-aux-droits-les-territoires-zero-non-recours\" target=\"_blank\" rel=\"noopener nofollow\">Territoires z\u00e9ro non-recours<\/a>, \u00e0 laquelle par\u00adti\u00adcipent en Is\u00e8re les com\u00admunes pon\u00adtoises et gre\u00adno\u00adbloises. Lanc\u00e9e par le minis\u00adt\u00e8re des Solidarit\u00e9s, celle-ci vise \u00e0 \u00ab\u00a0exp\u00e9\u00adri\u00admen\u00adter de nou\u00advelles mani\u00e8res de faire pro\u00adgres\u00adser le recours aux droits\u00a0\u00bb.<\/p>\n<p>\u00ab\u00a0La Ville a recrut\u00e9 en sep\u00adtembre 2024 deux agentes char\u00adg\u00e9es de mettre en \u0153uvre des actions en direc\u00adtion des habi\u00adtants\u00a0\u00bb, indique la muni\u00adci\u00adpa\u00adlit\u00e9 de Pont-de-Claix. Qui indique que les r\u00e9unions publiques, comme les per\u00adma\u00adnences et les actions d\u2019al\u00adler-vers r\u00e9a\u00adli\u00ads\u00e9es par les employ\u00e9es en ques\u00adtion \u00ab\u00a0ont per\u00admis de mettre en lumi\u00e8re le besoin d\u2019une infor\u00adma\u00adtion plus claire et com\u00adpl\u00e8te sur les dif\u00adf\u00e9\u00adrents droits sociaux\u00a0\u00bb.<\/p>\n<p><a href=\"https:\/\/www.europesays.com\/fr\/wp-content\/uploads\/2025\/09\/livret-des-droits-pont-de-claix.jpg\" target=\"_blank\" rel=\"noopener\"><img fetchpriority=\"high\" decoding=\"async\" aria-describedby=\"caption-attachment-659178\" class=\"wp-image-659178 size-full\" src=\"data:image\/svg+xml,%3Csvg%20xmlns=\" http:=\"\" alt=\"Le livret des droits de Pont-de-Claix. &quot;On a essay\u00e9 de simplifier au maximum le texte, de faire des pictogrammes, tout a \u00e9t\u00e9 imagin\u00e9 pour que ce soit le plus simple possible&quot;, explique Marion Chapeau, charg\u00e9e de mission. \u00a9 Pont-de-Claix\" width=\"1307\" height=\"899\" data-lazy- data-lazy- data-lazy-src=\"https:\/\/www.europesays.com\/fr\/wp-content\/uploads\/2025\/09\/livret-des-droits-pont-de-claix.jpg\"\/><\/a><\/p>\n<p id=\"caption-attachment-659178\" class=\"wp-caption-text\">Le livret des droits de Pont-de-Claix. \u00ab\u00a0On a essay\u00e9 de sim\u00adpli\u00adfier au maxi\u00admum le texte, de faire des pic\u00adto\u00adgrammes, tout a \u00e9t\u00e9 ima\u00adgin\u00e9 pour que ce soit le plus simple pos\u00adsible\u00a0\u00bb, explique Marion Chapeau, char\u00adg\u00e9e de mis\u00adsion. \u00a9 Pont-de-Claix<\/p>\n<p>En r\u00e9sulte la r\u00e9a\u00adli\u00adsa\u00adtion d\u2019un livret qui doit \u00eatre dis\u00adtri\u00adbu\u00e9 \u00e0 l\u2019en\u00adsemble des foyers de la com\u00admune durant le mois de sep\u00adtembre, tan\u00addis qu\u2019une <a href=\"https:\/\/www.pontdeclaix.fr\/pdf_viewer?file=\/sites\/default\/files\/2025-08\/livret-des-droits-tznr.pdf#magazineMode=true\" target=\"_blank\" rel=\"noopener nofollow\">ver\u00adsion en ligne est acces\u00adsible<\/a>, laquelle fera l\u2019ob\u00adjet de mises \u00e0 jour r\u00e9gu\u00adli\u00e8res, \u00ab\u00a0sur la base d\u2019un tra\u00advail de veille r\u00e9a\u00adlis\u00e9 par les agentes et les par\u00adte\u00adnaires du dis\u00adpo\u00adsi\u00adtif\u00a0\u00bb. Par la suite, Pont-de-Claix entend par\u00adta\u00adger au niveau natio\u00adnal les ensei\u00adgne\u00adments de sa d\u00e9marche, afin que les autres com\u00admunes puissent s\u2019en inspirer.<\/p>\n<p>Le contenu du livret en ques\u00adtion\u00a0? Celui-ci est cons\u00e9\u00adquent, avec une cin\u00adquan\u00adtaine de pages et des cha\u00adpitres qui couvrent autant les ques\u00adtions de sant\u00e9 que de loge\u00adment, en pas\u00adsant par l\u2019emploi, les jeunes et les per\u00adsonnes \u00e2g\u00e9es, ou encore la mobi\u00adlit\u00e9 et la pr\u00e9\u00adca\u00adrit\u00e9. Un annuaire en fin de docu\u00adment recense, quant \u00e0 lui, toutes les struc\u00adtures \u00e0 conna\u00eetre. Sans oublier un glos\u00adsaire bien pra\u00adtique dans un monde o\u00f9 les sigles r\u00e8gnent en ma\u00eetre.<\/p>\n<p>\u00ab\u00a0Cette ques\u00adtion du non-recours est essen\u00adtielle. Il ne suf\u00adfit pas d\u2019avoir des dis\u00adpo\u00adsi\u00adtifs pour consi\u00add\u00e9\u00adrer que le tra\u00advail est fait. Nous sommes convain\u00adcus qu\u2019il est indis\u00adpen\u00adsable de sim\u00adpli\u00adfier et d\u2019automatiser l\u2019acc\u00e8s aux droits, mais aussi qu\u2019il faut am\u00e9\u00adlio\u00adrer l\u2019information des habi\u00adtants\u00a0\u00bb, a sou\u00adli\u00adgn\u00e9 le maire de Pont-de-Claix Christophe Ferrari \u00e0 l\u2019oc\u00adca\u00adsion de la pr\u00e9\u00adsen\u00adta\u00adtion du livret. Non sans reven\u00addi\u00adquer agir pour \u00ab\u00a0ren\u00adfor\u00adcer l\u2019acc\u00e8s aux droits de tous et sou\u00adte\u00adnir les per\u00adsonnes les plus en dif\u00adfi\u00adcult\u00e9\u00a0\u00bb.<\/p>\n","protected":false},"excerpt":{"rendered":"Un \u00ab\u00a0livret des droits sociaux\u00a0\u00bb con\u00e7u pour per\u00admettre \u00e0 cha\u00adcun de mieux conna\u00eetre ses droits\u00a0? C\u2019est l\u2019i\u00adni\u00adtia\u00adtive lan\u00adc\u00e9e&hellip;\n","protected":false},"author":2,"featured_media":376089,"comment_status":"","ping_status":"","sticky":false,"template":"","format":"standard","meta":{"footnotes":""},"categories":[9566],"tags":[1111,11,2430,1777,674,1011,27,2731,12,25],"class_list":{"0":"post-376088","1":"post","2":"type-post","3":"status-publish","4":"format-standard","5":"has-post-thumbnail","7":"category-grenoble","8":"tag-actu","9":"tag-actualites","10":"tag-auvergne-rhone-alpes","11":"tag-eu","12":"tag-europe","13":"tag-fr","14":"tag-france","15":"tag-grenoble","16":"tag-news","17":"tag-republique-francaise"},"share_on_mastodon":{"url":"https:\/\/pubeurope.com\/@fr\/115170642902325999","error":""},"_links":{"self":[{"href":"https:\/\/www.europesays.com\/fr\/wp-json\/wp\/v2\/posts\/376088","targetHints":{"allow":["GET"]}}],"collection":[{"href":"https:\/\/www.europesays.com\/fr\/wp-json\/wp\/v2\/posts"}],"about":[{"href":"https:\/\/www.europesays.com\/fr\/wp-json\/wp\/v2\/types\/post"}],"author":[{"embeddable":true,"href":"https:\/\/www.europesays.com\/fr\/wp-json\/wp\/v2\/users\/2"}],"replies":[{"embeddable":true,"href":"https:\/\/www.europesays.com\/fr\/wp-json\/wp\/v2\/comments?post=376088"}],"version-history":[{"count":0,"href":"https:\/\/www.europesays.com\/fr\/wp-json\/wp\/v2\/posts\/376088\/revisions"}],"wp:featuredmedia":[{"embeddable":true,"href":"https:\/\/www.europesays.com\/fr\/wp-json\/wp\/v2\/media\/376089"}],"wp:attachment":[{"href":"https:\/\/www.europesays.com\/fr\/wp-json\/wp\/v2\/media?parent=376088"}],"wp:term":[{"taxonomy":"category","embeddable":true,"href":"https:\/\/www.europesays.com\/fr\/wp-json\/wp\/v2\/categories?post=376088"},{"taxonomy":"post_tag","embeddable":true,"href":"https:\/\/www.europesays.com\/fr\/wp-json\/wp\/v2\/tags?post=376088"}],"curies":[{"name":"wp","href":"https:\/\/api.w.org\/{rel}","templated":true}]}}