{"id":37609,"date":"2025-04-20T00:29:13","date_gmt":"2025-04-20T00:29:13","guid":{"rendered":"https:\/\/www.europesays.com\/fr\/37609\/"},"modified":"2025-04-20T00:29:13","modified_gmt":"2025-04-20T00:29:13","slug":"roland-garros-monica-puig-sur-nadal-je-ne-serais-pas-surprise-qua-lavenir-on-construise-un-stade-qui-porte-son-nom-non-pas-pour-le-joueur-quil-etait-mais-en-raison-du-type-de-personne-quil","status":"publish","type":"post","link":"https:\/\/www.europesays.com\/fr\/37609\/","title":{"rendered":"Roland Garros > Monica Puig sur Nadal : \u00ab\u00a0Je ne serais pas surprise qu&rsquo;\u00e0 l&rsquo;avenir, on construise un stade qui porte son nom. Non pas pour le joueur qu&rsquo;il \u00e9tait, mais en raison du type de personne qu&rsquo;il est\u00a0\u00bb"},"content":{"rendered":"<p>\u00c0 Roland\u2010Garros, o\u00f9 Rafael Nadal a \u00e9crit les plus belles pages de sa carri\u00e8re, un hommage sera rendu<a href=\"https:\/\/www.welovetennis.fr\/atp\/amelie-mauresmo-directrice-de-roland-garros-devoile-la-date-de-lhommage-pour-rafael-nadal\" data-wpel-link=\"internal\" rel=\"nofollow noopener\" target=\"_blank\"> le 25 mai prochain<\/a>. Pour Monica Puig, des choses encore plus grandes, attendent le roi de la terre battue \u00e0 la Porte d\u2019Auteuil.<\/p>\n<p><strong>\u00ab\u202fC\u2019est sa maison. Je ne serais pas surprise qu\u2019\u00e0 l\u2019avenir, on construise un stade qui porte son nom. Il le m\u00e9rite. Non pas en raison du joueur qu\u2019il \u00e9tait, mais en raison du type de personne qu\u2019il est. J\u2019ai l\u2019im\u00adpres\u00adsion qu\u2019il est tr\u00e8s respect\u00e9. Et quand on parle de concur\u00adrents f\u00e9roces, il est le plus f\u00e9roce d\u2019entre eux. C\u2019est tr\u00e8s beau \u00e0 dire et j\u2019es\u00adp\u00e8re que nous le verrons pr\u00e9sent dans les tribunes pour de nombreux matches\u202f\u00bb<\/strong>, a estim\u00e9 la cham\u00adpionne olym\u00adpique de 2016 dans <a href=\"https:\/\/open.spotify.com\/episode\/2u8yDZEekRbzlD96ItIMRB\" data-wpel-link=\"external\" target=\"_blank\" rel=\"nofollow external noopener\">The Inside\u2010In Tennis Podcast<\/a>.<\/p>\n<p class=\"post-published-date\" style=\"color: silver; font-size: 75%; text-align: left;\">Publi\u00e9 le samedi 19 avril 2025 \u00e0 19:52<\/p>\n","protected":false},"excerpt":{"rendered":"\u00c0 Roland\u2010Garros, o\u00f9 Rafael Nadal a \u00e9crit les plus belles pages de sa carri\u00e8re, un hommage sera rendu&hellip;\n","protected":false},"author":2,"featured_media":37610,"comment_status":"","ping_status":"","sticky":false,"template":"","format":"standard","meta":{"footnotes":""},"categories":[1415],"tags":[1011,27,1960,60,1467],"class_list":{"0":"post-37609","1":"post","2":"type-post","3":"status-publish","4":"format-standard","5":"has-post-thumbnail","7":"category-tennis","8":"tag-fr","9":"tag-france","10":"tag-nadal","11":"tag-sports","12":"tag-tennis"},"share_on_mastodon":{"url":"https:\/\/pubeurope.com\/@fr\/114367467927529394","error":""},"_links":{"self":[{"href":"https:\/\/www.europesays.com\/fr\/wp-json\/wp\/v2\/posts\/37609","targetHints":{"allow":["GET"]}}],"collection":[{"href":"https:\/\/www.europesays.com\/fr\/wp-json\/wp\/v2\/posts"}],"about":[{"href":"https:\/\/www.europesays.com\/fr\/wp-json\/wp\/v2\/types\/post"}],"author":[{"embeddable":true,"href":"https:\/\/www.europesays.com\/fr\/wp-json\/wp\/v2\/users\/2"}],"replies":[{"embeddable":true,"href":"https:\/\/www.europesays.com\/fr\/wp-json\/wp\/v2\/comments?post=37609"}],"version-history":[{"count":0,"href":"https:\/\/www.europesays.com\/fr\/wp-json\/wp\/v2\/posts\/37609\/revisions"}],"wp:featuredmedia":[{"embeddable":true,"href":"https:\/\/www.europesays.com\/fr\/wp-json\/wp\/v2\/media\/37610"}],"wp:attachment":[{"href":"https:\/\/www.europesays.com\/fr\/wp-json\/wp\/v2\/media?parent=37609"}],"wp:term":[{"taxonomy":"category","embeddable":true,"href":"https:\/\/www.europesays.com\/fr\/wp-json\/wp\/v2\/categories?post=37609"},{"taxonomy":"post_tag","embeddable":true,"href":"https:\/\/www.europesays.com\/fr\/wp-json\/wp\/v2\/tags?post=37609"}],"curies":[{"name":"wp","href":"https:\/\/api.w.org\/{rel}","templated":true}]}}