{"id":376092,"date":"2025-09-08T20:49:31","date_gmt":"2025-09-08T20:49:31","guid":{"rendered":"https:\/\/www.europesays.com\/fr\/376092\/"},"modified":"2025-09-08T20:49:31","modified_gmt":"2025-09-08T20:49:31","slug":"a-rennes-le-parking-vilaine-est-ferme-au-public-un-automobiliste-reussit-a-sy-garer","status":"publish","type":"post","link":"https:\/\/www.europesays.com\/fr\/376092\/","title":{"rendered":"\u00c0 Rennes, le parking Vilaine est ferm\u00e9 au public\u00a0: un automobiliste r\u00e9ussit \u00e0 s\u2019y garer"},"content":{"rendered":"<p>\u00ab Qui a os\u00e9 garer sa voiture, l\u00e0 \u00bb ? Voil\u00e0 la question que se posaient les passants \u00e0 R\u00e9publique, ce lundi 8 septembre. Bien seule sur le grand parking d\u00e9sert ferm\u00e9 depuis plus d\u2019une semaine, fi\u00e8rement rouge, derri\u00e8re les grandes grilles, la petit Renault Captur \u00e9tait un pied de nez \u00e0 la d\u00e9cision municipale de d\u00e9truire la dalle Vilaine.<\/p>\n<p>\u00ab Ce v\u00e9hicule n\u2019\u00e9tait pas l\u00e0 ce matin \u00bb, assure une jeune commer\u00e7ante dont la boutique de cigarettes \u00e9lectroniques est situ\u00e9e juste \u00e0 c\u00f4t\u00e9. \u00ab Il n\u2019y avait plus aucun v\u00e9hicule sur le parking la semaine derni\u00e8re. Pareil, ce matin, c\u2019\u00e9tait d\u00e9sert. Mais le grand portail coulissant situ\u00e9 devant l\u2019ancien Gaumont est ouvert depuis plusieurs jours. Les gens ont du le remarquer. Il est certain qu\u2019un automobiliste a profit\u00e9 de la situation pour stationner sa voiture. \u00bb<\/p>\n<p>Ce stationnement sauvage n\u2019a pas \u00e9chapp\u00e9 aux \u00e9lus \u00e9cologistes de la ville. Fortuitement, Lucile Koch-Schlund, Laurent Hamon et Val\u00e9rie Faucheux s\u2019\u00e9taient donn\u00e9 rendez-vous \u00e0 l\u2019exact endroit de ce stationnement sauvage pour tourner une vid\u00e9o vantant la d\u00e9cision de la ville de Rennes de d\u00e9molir la dalle de b\u00e9ton du parking Vilaine. \u00c0 la fois surpris et amus\u00e9s par la situation, les \u00e9lus ont donc d\u00e9cid\u00e9 de tourner leur vid\u00e9o un peu plus loin pour que la voiture n\u2019apparaisse pas sur leurs images.<\/p>\n<p>Construit il y a 62 ans, le parking Vilaine a ferm\u00e9 ses portes dimanche 31 ao\u00fbt au soir. mais ce n\u2019est qu\u2019en octobre que les travaux de d\u00e9molition d\u00e9marreront pour s\u2019achever sept mois plus tard. Le chantier se d\u00e9placera ensuite au niveau de R\u00e9publique pour r\u00e9habiliter la dalle \u00e0 cet endroit (14 mois \u00e0 partir du printemps 2026).<\/p>\n<p>Sont \u00e9galement au programme : des travaux de construction des nouveaux \u00e9quipements sur et autour de la Vilaine (18 mois \u00e0 partir de la fin 2026), l\u2019am\u00e9nagement de la place de la R\u00e9publique et des quais (18 mois \u00e0 partir de d\u00e9but 2027), et l\u2019am\u00e9nagement des abords du Palais du commerce (8 mois environ \u00e0 partir de d\u00e9but 2028). Si tout se passe comme pr\u00e9vu, le chantier devrait se terminer \u00e0 l\u2019\u00e9t\u00e9 2028 pour un budget total de 29 M\u20ac.<\/p>\n","protected":false},"excerpt":{"rendered":"\u00ab Qui a os\u00e9 garer sa voiture, l\u00e0 \u00bb ? Voil\u00e0 la question que se posaient les passants&hellip;\n","protected":false},"author":2,"featured_media":376093,"comment_status":"","ping_status":"","sticky":false,"template":"","format":"standard","meta":{"footnotes":""},"categories":[2821],"tags":[1111,11,829,1777,674,1011,27,12,50972,584,25],"class_list":{"0":"post-376092","1":"post","2":"type-post","3":"status-publish","4":"format-standard","5":"has-post-thumbnail","7":"category-rennes","8":"tag-actu","9":"tag-actualites","10":"tag-bretagne","11":"tag-eu","12":"tag-europe","13":"tag-fr","14":"tag-france","15":"tag-news","16":"tag-newsletter-la-rennes-quotidienne","17":"tag-rennes","18":"tag-republique-francaise"},"share_on_mastodon":{"url":"https:\/\/pubeurope.com\/@fr\/115170650569591094","error":""},"_links":{"self":[{"href":"https:\/\/www.europesays.com\/fr\/wp-json\/wp\/v2\/posts\/376092","targetHints":{"allow":["GET"]}}],"collection":[{"href":"https:\/\/www.europesays.com\/fr\/wp-json\/wp\/v2\/posts"}],"about":[{"href":"https:\/\/www.europesays.com\/fr\/wp-json\/wp\/v2\/types\/post"}],"author":[{"embeddable":true,"href":"https:\/\/www.europesays.com\/fr\/wp-json\/wp\/v2\/users\/2"}],"replies":[{"embeddable":true,"href":"https:\/\/www.europesays.com\/fr\/wp-json\/wp\/v2\/comments?post=376092"}],"version-history":[{"count":0,"href":"https:\/\/www.europesays.com\/fr\/wp-json\/wp\/v2\/posts\/376092\/revisions"}],"wp:featuredmedia":[{"embeddable":true,"href":"https:\/\/www.europesays.com\/fr\/wp-json\/wp\/v2\/media\/376093"}],"wp:attachment":[{"href":"https:\/\/www.europesays.com\/fr\/wp-json\/wp\/v2\/media?parent=376092"}],"wp:term":[{"taxonomy":"category","embeddable":true,"href":"https:\/\/www.europesays.com\/fr\/wp-json\/wp\/v2\/categories?post=376092"},{"taxonomy":"post_tag","embeddable":true,"href":"https:\/\/www.europesays.com\/fr\/wp-json\/wp\/v2\/tags?post=376092"}],"curies":[{"name":"wp","href":"https:\/\/api.w.org\/{rel}","templated":true}]}}