{"id":376096,"date":"2025-09-08T20:51:22","date_gmt":"2025-09-08T20:51:22","guid":{"rendered":"https:\/\/www.europesays.com\/fr\/376096\/"},"modified":"2025-09-08T20:51:22","modified_gmt":"2025-09-08T20:51:22","slug":"alsace-des-pretres-du-diocese-de-strasbourg-demandent-une-visite-apostolique","status":"publish","type":"post","link":"https:\/\/www.europesays.com\/fr\/376096\/","title":{"rendered":"Alsace. Des pr\u00eatres du dioc\u00e8se de Strasbourg demandent une visite apostolique"},"content":{"rendered":"<p>Ils auraient le sentiment de \u00ab\u00a0viol de leur r\u00e9putation et de leur intimit\u00e9 sacerdotale\u00a0\u00bb, parlent de \u00ab\u00a0gangr\u00e8ne morale\u00a0\u00bb qui aurait frapp\u00e9 le dioc\u00e8se de Strasbourg \u00ab\u00a0du fait de petites bandes organis\u00e9es et discr\u00e8tes qui se cooptent depuis des d\u00e9cennies\u00a0\u00bb, voire de \u00ab\u00a0mafia\u00a0\u00bb. Ils demandent une visite apostolique, c\u2019est-\u00e0-dire une inspection pilot\u00e9e par Rome, comme celle qui avait conduit \u00e0 la d\u00e9mission de Mgr \u00a0Luc Ravel.<\/p>\n<p>Le courrier publi\u00e9 dans le tr\u00e8s conservateur Tribune chr\u00e9tienne , publi\u00e9 <a href=\"https:\/\/www.lalsace.fr\/societe\/2025\/09\/05\/diocese-de-strasbourg-les-retours-du-chanoine-hubert-schmitt-et-de-l-eveque-gilles-reithinger-provoquent-des-remous\" target=\"_blank\" rel=\"nofollow noopener\">apr\u00e8s notre article<\/a> sur le chanoine Hubert Schmitt, r\u00e9int\u00e9gr\u00e9 dans sa charge de vicaire g\u00e9n\u00e9ral apr\u00e8s une plainte pour agression sexuelle prescrite, et Mgr \u00a0Gilles Reithinger, objet d\u2019une enqu\u00eate canonique, est particuli\u00e8rement virulent. Mais anonyme. \u00ab\u00a0Il nous a \u00e9t\u00e9 adress\u00e9 par une vingtaine de pr\u00eatres\u00a0\u00bb, assure Philippe Marie, le directeur \u00e9ditorial de ce m\u00e9dia en ligne qui s\u2019est fait conna\u00eetre par une plainte contre Charlie Hebdo , en ao\u00fbt\u00a02024, pour une caricature de la Vierge Marie qui aurait contract\u00e9 la variole du singe. Son principal interlocuteur, un pr\u00eatre dioc\u00e9sain, \u00e9tait \u00ab\u00a0en pleurs au t\u00e9l\u00e9phone\u00a0\u00bb.<\/p>\n<p>Les auteurs de la lettre regrettent que <a href=\"https:\/\/www.lalsace.fr\/societe\/2024\/04\/21\/le-nouvel-archeveque-de-strasbourg-veut-depasser-la-division-et-les-ressentiments\" target=\"_blank\" rel=\"nofollow noopener\">l\u2019arriv\u00e9e de Mgr \u00a0Pascal Delannoy \u00e0 la t\u00eate du dioc\u00e8se en avril\u00a02024<\/a> n\u2019ait apport\u00e9 qu\u2019un \u00ab\u00a0calme relatif et en fait assez faux\u00a0\u00bb apr\u00e8s des \u00ab\u00a0\u00e9v\u00e9nements qui n\u2019ont pas \u00e9t\u00e9 clos par la justice\u00a0\u00bb. Ils affirment, entre autres, que <a href=\"https:\/\/www.lalsace.fr\/societe\/2024\/06\/01\/enquete-canonique-le-chancelier-de-l-archeveche-de-strasbourg-suspendu\" target=\"_blank\" rel=\"nofollow noopener\">le chanoine Bernard Xibaut aurait \u00e9t\u00e9 suspendu <\/a> apr\u00e8s des plaintes d\u2019\u00ab\u00a0\u00e9tudiants grands clercs de la <a href=\"https:\/\/www.lalsace.fr\/p\/cathedrale-de-strasbourg\" target=\"_blank\" rel=\"nofollow noopener\">cath\u00e9drale de Strasbourg<\/a>\u00a0\u00bb aupr\u00e8s de la justice d\u2019\u00c9glise. Visiblement proches des milieux traditionalistes, Ils semblent nostalgiques de Luc Ravel, et qui avait fait des abus sexuels son cheval de bataille, qu\u2019on aurait \u00ab\u00a0fait tomber\u00a0\u00bb comme \u00ab\u00a0les juges int\u00e8gres qui luttaient contre la Mafia en Italie\u00a0\u00bb. Contact\u00e9, l\u2019archev\u00each\u00e9 n\u2019a pas encore r\u00e9agi \u00e0 cette publication.<\/p>\n","protected":false},"excerpt":{"rendered":"Ils auraient le sentiment de \u00ab\u00a0viol de leur r\u00e9putation et de leur intimit\u00e9 sacerdotale\u00a0\u00bb, parlent de \u00ab\u00a0gangr\u00e8ne morale\u00a0\u00bb&hellip;\n","protected":false},"author":2,"featured_media":376097,"comment_status":"","ping_status":"","sticky":false,"template":"","format":"standard","meta":{"footnotes":""},"categories":[2820],"tags":[1111,11,2389,1777,674,107,1011,27,775,12,5889,25,104,640],"class_list":{"0":"post-376096","1":"post","2":"type-post","3":"status-publish","4":"format-standard","5":"has-post-thumbnail","7":"category-strasbourg","8":"tag-actu","9":"tag-actualites","10":"tag-alsace","11":"tag-eu","12":"tag-europe","13":"tag-fil-info","14":"tag-fr","15":"tag-france","16":"tag-grand-est","17":"tag-news","18":"tag-religion-croyance","19":"tag-republique-francaise","20":"tag-societe","21":"tag-strasbourg"},"share_on_mastodon":{"url":"https:\/\/pubeurope.com\/@fr\/115170658425064030","error":""},"_links":{"self":[{"href":"https:\/\/www.europesays.com\/fr\/wp-json\/wp\/v2\/posts\/376096","targetHints":{"allow":["GET"]}}],"collection":[{"href":"https:\/\/www.europesays.com\/fr\/wp-json\/wp\/v2\/posts"}],"about":[{"href":"https:\/\/www.europesays.com\/fr\/wp-json\/wp\/v2\/types\/post"}],"author":[{"embeddable":true,"href":"https:\/\/www.europesays.com\/fr\/wp-json\/wp\/v2\/users\/2"}],"replies":[{"embeddable":true,"href":"https:\/\/www.europesays.com\/fr\/wp-json\/wp\/v2\/comments?post=376096"}],"version-history":[{"count":0,"href":"https:\/\/www.europesays.com\/fr\/wp-json\/wp\/v2\/posts\/376096\/revisions"}],"wp:featuredmedia":[{"embeddable":true,"href":"https:\/\/www.europesays.com\/fr\/wp-json\/wp\/v2\/media\/376097"}],"wp:attachment":[{"href":"https:\/\/www.europesays.com\/fr\/wp-json\/wp\/v2\/media?parent=376096"}],"wp:term":[{"taxonomy":"category","embeddable":true,"href":"https:\/\/www.europesays.com\/fr\/wp-json\/wp\/v2\/categories?post=376096"},{"taxonomy":"post_tag","embeddable":true,"href":"https:\/\/www.europesays.com\/fr\/wp-json\/wp\/v2\/tags?post=376096"}],"curies":[{"name":"wp","href":"https:\/\/api.w.org\/{rel}","templated":true}]}}