{"id":376108,"date":"2025-09-08T20:59:10","date_gmt":"2025-09-08T20:59:10","guid":{"rendered":"https:\/\/www.europesays.com\/fr\/376108\/"},"modified":"2025-09-08T20:59:10","modified_gmt":"2025-09-08T20:59:10","slug":"girondins-qui-est-oualid-el-hajjam-la-solution-defensive-de-bordeaux","status":"publish","type":"post","link":"https:\/\/www.europesays.com\/fr\/376108\/","title":{"rendered":"Girondins : qui est Oualid El Hajjam, la solution d\u00e9fensive de Bordeaux ?"},"content":{"rendered":"<p><img decoding=\"async\" src=\"https:\/\/www.europesays.com\/fr\/wp-content\/uploads\/2025\/09\/671_6188c3bb242c28c94d75de1edb9413b2.jpg\" alt=\"Girondins : qui est Oualid El Hajjam, la solution d\u00e9fensive de Bordeaux ?\" class=\"img-responsive mt-3\"\/><\/p>\n<p class=\"text-center mb-3\" style=\"font-size: 14px\">\u00a9 Iconsport<\/p>\n<p>      <strong>Un d\u00e9fenseur polyvalent qui pla\u00eet aux Girondins<\/strong><\/p>\n<p style=\"text-align: justify;\">Ce d\u00e9fenseur franco-marocain de 34 ans, mesurant 1,80m et capable d&rsquo;\u00e9voluer aussi bien au poste de lat\u00e9ral droit qu&rsquo;au centre de la d\u00e9fense. Il connait Bruno Irl\u00e8s et John Williams, qu&rsquo;il a c\u00f4toy\u00e9 \u00e0 Amiens et \u00e0 l&rsquo;ESTAC. \u00ab\u00a0C&rsquo;est un joueur polyvalent qui peut jouer lat\u00e9ral droit ou d\u00e9fenseur central. Je l&rsquo;ai eu \u00e0 Troyes, c&rsquo;est en discussion comme avec d&rsquo;autres. Je ne crois pas qu&rsquo;il ait sign\u00e9. C&rsquo;est un joueur que je connais\u00a0\u00bb, a comment\u00e9 l&rsquo;entra\u00eeneur des Girondins apr\u00e8s la victoire face \u00e0 Saumur (2-1).<\/p>\n<p style=\"text-align: justify;\">Cette polyvalence est recherch\u00e9e par Irl\u00e8s qui doit composer avec Diop (milieu de terrain) et Jousselin pour occuper le poste de piston droit. De plus, avec la blessure de Nadjib Ciss\u00e9, il a aussi besoin d&rsquo;un d\u00e9fenseur central suppl\u00e9mentaire.<\/p>\n<p><strong>Une exp\u00e9rience solide en National 1, Ligue 2 et Ligue 1, un leader<\/strong><\/p>\n<p style=\"text-align: justify;\">Form\u00e9 \u00e0 Amiens SC, avec qui il joue 134 matchs en National 1, Ligue 2, et Ligue 1, il signe \u00e0 Troyes. De la m\u00eame fa\u00e7on, il \u00e9volue en d\u00e9fenseur central ou en position de lat\u00e9ral. Avec l&rsquo;ESTAC il joue en Ligue 2 et en Ligue 1.<\/p>\n<p style=\"text-align: justify;\">Du c\u00f4t\u00e9 de Bordeaux, nous l&rsquo;avons connu lors de la saison 2022-2023, o\u00f9 il monte de Ligue 2 en Ligue 1 avec le HAC. Il marque \u00e0 Bordeaux au Stade Atlantique d&rsquo;une frappe de 30 m\u00e8tres sous la barre de G.Poussin.<\/p>\n<blockquote class=\"twitter-tweet\">\n<p dir=\"ltr\" lang=\"fr\">???????? ????????????????, ???????? ???????????????????????????????? ???????? ???????????????? :sparkles:<\/p>\n<p>Oualid El Hajjam qui d\u00e9livrait le peuple Ciel&amp;Marine \u00e0 Bordeaux, \u00e7a vous dit quelque chose ? :thinking_face: <a href=\"https:\/\/t.co\/kZRmjW19ai\">pic.twitter.com\/kZRmjW19ai<\/a><\/p>\n<p>\u2014 Havre Athletic Club \u26bd\ufe0f (@HAC_Foot) <a href=\"https:\/\/twitter.com\/HAC_Foot\/status\/1738960225779245234?ref_src=twsrc%5Etfw\" target=\"_blank\" rel=\"noopener\">December 24, 2023<\/a>\n<\/p><\/blockquote>\n<p>\u00a0<\/p>\n<p style=\"text-align: justify;\">Il joue 36 matchs cette saison-l\u00e0 et apparait comme l&rsquo;un des hommes forts du groupe havrais avant de s\u2019\u00e9loigner du groupe en comp\u00e9tition lors des deux derni\u00e8res ann\u00e9es en Ligue 1.<\/p>\n<p style=\"text-align: justify;\">Au total, il compte 114 matchs de Ligue 1, 69 matchs de Ligue 2, 58 matchs de National 1 \u00e0 son actif. Il est donc tr\u00e8s exp\u00e9riment\u00e9 pour la 4e division fran\u00e7aise. Il n&rsquo;a jamais jou\u00e9 en National 2.<\/p>\n<p style=\"text-align: justify;\">De plus, <a href=\"https:\/\/www.webgirondins.com\/actualite-girondins-mercato-oualid-el-hajjam-le-havre-arrive-pour-renforcer-la-defense-des-girondins-130328\" target=\"_blank\" rel=\"noopener\">Oualid El Hajjam<\/a> est d\u00e9crit comme un leader sur et en dehors du terrain.<\/p>\n<p><strong>Dans quel \u00e9tat physique est-il ?<\/strong><\/p>\n<p style=\"text-align: justify;\">La saison derni\u00e8re, il n&rsquo;a pas disput\u00e9 une seule minute de jeu en comp\u00e9tition. Il vient de r\u00e9silier son contrat avec le HAC (Il lui restait un an) et cherche un nouveau projet. \u00c0 34 ans et apr\u00e8s une saison blanche, dans quel \u00e9tat physique est-il ? Au bout de combien de semaines sera-t-il op\u00e9rationnel s&rsquo;il vient \u00e0 signer ?<\/p>\n<p>Samedi, les n\u00e9gociations \u00e9taient avanc\u00e9es, mais il n&rsquo;avait pas encore paraph\u00e9 son contrat.<\/p>\n<p style=\"text-align: justify;\">\u00c0 \u00e9couter &gt;&gt;<strong> <a href=\"https:\/\/www.webgirondins.com\/actualite-girondins-girondins-les-2-flops-de-bordeaux-saumur-2-1-130339\" target=\"_blank\" rel=\"noopener\">les 2 flops de Bordeaux-Saumur (2-1)<\/a><\/strong><\/p>\n<p style=\"text-align: justify;\">Notre podcast court :<\/p>\n<p>\u00a0<\/p>\n<p>    <script async src=\"https:\/\/platform.twitter.com\/widgets.js\" charset=\"utf-8\"><\/script><\/p>\n","protected":false},"excerpt":{"rendered":"\u00a9 Iconsport Un d\u00e9fenseur polyvalent qui pla\u00eet aux Girondins Ce d\u00e9fenseur franco-marocain de 34 ans, mesurant 1,80m et&hellip;\n","protected":false},"author":2,"featured_media":376109,"comment_status":"","ping_status":"","sticky":false,"template":"","format":"standard","meta":{"footnotes":""},"categories":[2817],"tags":[1111,11,50998,3396,1997,554,50997,19348,50999,1086,1777,674,8290,1011,27,29680,1987,50996,1441,28480,12,2219,50995,9144,471,30328,25,12634,15298,9451,6013],"class_list":{"0":"post-376108","1":"post","2":"type-post","3":"status-publish","4":"format-standard","5":"has-post-thumbnail","7":"category-bordeaux","8":"tag-actu","9":"tag-actualites","10":"tag-avancee","11":"tag-avec","12":"tag-bordeaux","13":"tag-defense","14":"tag-defensive","15":"tag-discussion","16":"tag-esperee","17":"tag-etre","18":"tag-eu","19":"tag-europe","20":"tag-faut","21":"tag-fr","22":"tag-france","23":"tag-franco","24":"tag-girondins","25":"tag-hajjam","26":"tag-joueur","27":"tag-marocain","28":"tag-news","29":"tag-nouvelle-aquitaine","30":"tag-oualid","31":"tag-ouest","32":"tag-pour","33":"tag-recrue","34":"tag-republique-francaise","35":"tag-savoir","36":"tag-selon","37":"tag-solution","38":"tag-voici"},"share_on_mastodon":{"url":"https:\/\/pubeurope.com\/@fr\/115170689987454808","error":""},"_links":{"self":[{"href":"https:\/\/www.europesays.com\/fr\/wp-json\/wp\/v2\/posts\/376108","targetHints":{"allow":["GET"]}}],"collection":[{"href":"https:\/\/www.europesays.com\/fr\/wp-json\/wp\/v2\/posts"}],"about":[{"href":"https:\/\/www.europesays.com\/fr\/wp-json\/wp\/v2\/types\/post"}],"author":[{"embeddable":true,"href":"https:\/\/www.europesays.com\/fr\/wp-json\/wp\/v2\/users\/2"}],"replies":[{"embeddable":true,"href":"https:\/\/www.europesays.com\/fr\/wp-json\/wp\/v2\/comments?post=376108"}],"version-history":[{"count":0,"href":"https:\/\/www.europesays.com\/fr\/wp-json\/wp\/v2\/posts\/376108\/revisions"}],"wp:featuredmedia":[{"embeddable":true,"href":"https:\/\/www.europesays.com\/fr\/wp-json\/wp\/v2\/media\/376109"}],"wp:attachment":[{"href":"https:\/\/www.europesays.com\/fr\/wp-json\/wp\/v2\/media?parent=376108"}],"wp:term":[{"taxonomy":"category","embeddable":true,"href":"https:\/\/www.europesays.com\/fr\/wp-json\/wp\/v2\/categories?post=376108"},{"taxonomy":"post_tag","embeddable":true,"href":"https:\/\/www.europesays.com\/fr\/wp-json\/wp\/v2\/tags?post=376108"}],"curies":[{"name":"wp","href":"https:\/\/api.w.org\/{rel}","templated":true}]}}