{"id":376110,"date":"2025-09-08T21:00:11","date_gmt":"2025-09-08T21:00:11","guid":{"rendered":"https:\/\/www.europesays.com\/fr\/376110\/"},"modified":"2025-09-08T21:00:11","modified_gmt":"2025-09-08T21:00:11","slug":"dans-le-coma-apres-avoir-avale-5-g-de-cocaine-en-prison-fethi-m-est-mort","status":"publish","type":"post","link":"https:\/\/www.europesays.com\/fr\/376110\/","title":{"rendered":"dans le coma apr\u00e8s avoir aval\u00e9 5 g de coca\u00efne en prison, Fethi M. est mort"},"content":{"rendered":"<p>            Par<br \/>\n        <strong><br \/>\n            <a href=\"https:\/\/actu.fr\/auteur\/guillaume-laurens\" title=\"Consulter tous les articles de Guillaume Laurens\" target=\"_blank\" rel=\"noopener\">Guillaume Laurens<\/a><br \/>\n        <\/strong><\/p>\n<p>        Publi\u00e9 le<\/p>\n<p>            8 sept. 2025 \u00e0 18h56        <\/p>\n<p>Il n\u2019a pas surv\u00e9cu. <strong>Fethi\u00a0M.,<\/strong> p\u00e8re de quatre enfants, est <b>mort <\/b>jeudi 4 septembre 2025, apr\u00e8s deux semaines de <strong>coma artificiel<\/strong>. Ce d\u00e9tenu de 37 ans, p\u00e8re de quatre enfants, avait <strong>aval\u00e9 plus de cinq grammes de coca\u00efne<\/strong> alors qu\u2019il venait d\u2019apprendre que sa cellule de <a href=\"https:\/\/actu.fr\/occitanie\/seysses_31547\/c-est-devenu-insoutenable-nouvelle-alerte-sur-les-conditions-de-detention-a-la-prison-de-toulouse-seysses_62866450.html\" target=\"_blank\" rel=\"noopener\">la prison de Toulouse-Seysses<\/a> qu\u2019il partageait avec deux cod\u00e9tenus allait \u00eatre fouill\u00e9e.<\/p>\n<p>Autopsie en cours<\/p>\n<p class=\" wall-content\">\u00ab\u00a0Une autopsie est en cours\u00a0\u00bb, indique ce lundi 8 septembre 2025 <strong>Me Sarah Nabet-Claverie.<\/strong> D\u2019apr\u00e8s l\u2019avocate de ses proches, \u00ab\u00a0l\u2019enqu\u00eate sur la responsabilit\u00e9 de l\u2019administration p\u00e9nitentiaire continue, \u00e0 la demande de la famille\u00a0\u00bb qui cherche toujours \u00e0 comprendre ce qu\u2019il s\u2019est pass\u00e9, et surtout \u00e0 savoir <strong>pourquoi le Samu a \u00e9t\u00e9 appel\u00e9 si tard,<\/strong> le jour du drame.<\/p>\n<p>Pris de panique, il avale la coca\u00efne<\/p>\n<p class=\" wall-content\">Rappelons qu\u2019il \u00e9tait environ <strong>15 heures<\/strong>, vendredi 22 ao\u00fbt, quand Fethi M. avait appris que des fouilles s\u2019appr\u00eataient \u00e0 \u00eatre r\u00e9alis\u00e9es par des agents de l\u2019administration p\u00e9nitentiaire. Et l\u00e0, il aurait paniqu\u00e9 : pr\u00e8s de six grammes de coca\u00efne se trouvent dans la cellule\u2026 \u00ab\u2009Fethi allait passer en commission d\u2019am\u00e9nagement de peine sous peu\u2009\u00bb, avait indiqu\u00e9 l\u2019avocate \u00e0 Actu Toulouse. \u00ab\u2009Alors, que la drogue soit la sienne ou non, il a d\u00fb se dire : <strong>s\u2019ils trouvent \u00e7a dans la cellule, c\u2019est foutu pour mo<\/strong>i\u2009\u00bb. Le trentenaire a donc <strong>aval\u00e9 les sachets<\/strong> de coca\u00efne\u2026 Une version corrobor\u00e9e quelques heures plus tard par le parquet de Toulouse :<\/p>\n<blockquote class=\"ac-article-quote wall-content\">\n<p>Sa compagne \u00e9tait aussi entendue et confirmait que, lors d\u2019un appel effectu\u00e9 durant l\u2019apr\u00e8s-midi, son conjoint lui avait avou\u00e9 avoir aval\u00e9 \u00ab un truc \u00bb pendant la fouille, de peur de voir compromettre l\u2019am\u00e9nagement de sa peine.<\/p>\n<p>    <strong>Le parquet de Toulouse<\/strong>\n            <\/p><\/blockquote>\n<p>Le temps d\u2019intervention en question<\/p>\n<p class=\" wall-content\">Mais d\u00e8s qu\u2019il a ing\u00e9r\u00e9 la coca\u00efne, Fethi M. \u00ab\u2009a commenc\u00e9 \u00e0 se sentir mal tr\u00e8s vite\u2009\u00bb, avait expliqu\u00e9 <strong>Me Nabet-Claverie,<\/strong> s\u2019appuyant sur les d\u00e9clarations des cod\u00e9tenus. Ses sympt\u00f4mes ? \u00ab\u00a0Tachycardie, mal de ventre, comportement incoh\u00e9rent, presque d\u00e9lirant\u2026\u00a0\u00bb<\/p>\n<p class=\" wall-content\">D\u2019apr\u00e8s le parquet, \u00e0 <strong>23h10<\/strong>, l\u2019agent de surveillance du poste de contr\u00f4le de la prison a re\u00e7u <strong>un appel par l\u2019interphone<\/strong> de cette cellule : ses cod\u00e9tenus signalaient que Fethi M. \u00ab\u00a0\u00e9tait en train de faire une crise de convulsion\u00a0\u00bb.<strong> Cinq minutes<\/strong> plus tard, ce m\u00eame agent a <strong>contact\u00e9 le Samu<\/strong>. Apr\u00e8s s\u2019\u00eatre vu prodigu\u00e9 les premiers soins, Fethi M. a \u00e9t\u00e9 \u00e9vacu\u00e9 vers <strong>l\u2019h\u00f4pital Rangueil<\/strong> \u00e0 01h15, son pronostic vital \u00e9tant engag\u00e9. Transf\u00e9r\u00e9 au service r\u00e9animation de l\u2019h\u00f4pital Purpan, il a v\u00e9cu deux semaines dans le coma artificiel, avant de succomber.<\/p>\n<p>Votre r\u00e9gion, votre actu !<\/p>\n<p>Recevez chaque jour les infos qui comptent pour vous.<\/p>\n<p>\t<a href=\"https:\/\/actu.fr\/newsletter\" class=\"ac-btn ac-btn--corner ac-btn--medium ac-btn--blue800\" target=\"_blank\" rel=\"noopener\">S&rsquo;incrire<\/a><\/p>\n<p class=\" wall-content\">Pourquoi tant de temps s\u2019est \u00e9coul\u00e9 avant l\u2019intervention des secours ? D\u00e8s le d\u00e9part, l\u2019avocate avait point\u00e9 une <strong>potentielle responsabilit\u00e9 <\/strong>de l\u2019administration p\u00e9nitentiaire : \u00ab\u00a0Le jour du drame, ses cod\u00e9tenus ont <strong>appel\u00e9 plusieurs fois<\/strong> les surveillants\u00a0\u00bb, avait-elle indiqu\u00e9. Mais pass\u00e9 18 heures, la communication depuis les cellules \u00ab\u2009se fait <strong>uniquement par interphone\u2009\u00bb<\/strong> et d\u2019apr\u00e8s elle, les d\u00e9lais de r\u00e9ponse \u00ab\u2009sont souvent aberrants\u2009\u00bb.<\/p>\n<p class=\" wall-content\">Combien d\u2019appels ont \u00e9t\u00e9 pass\u00e9s \u00e0 l\u2019interphone ? \u00c0 quelle heure ? L\u2019administration p\u00e9nitentiaire aurait-elle pu r\u00e9agir plus vite, et \u00e9viter ainsi ce d\u00e9c\u00e8s ? Tant de zones d\u2019ombre que l\u2019enqu\u00eate p\u00e9nale, ouverte par le parquet, devra \u00e9claircir.<\/p>\n<p>Ce qui a \u00e9t\u00e9 retrouv\u00e9 dans la cellule<\/p>\n<p>Dans un communiqu\u00e9, le parquet a confirm\u00e9 qu&rsquo;une fouille avait eu lieu dans cette cellule o\u00f9 se trouvaient trois hommes, \u00e0 15 heures, ce vendredi-l\u00e0. Avaient \u00e9t\u00e9 retrouv\u00e9s : des t\u00e9l\u00e9phones, des seringues, mais aussi 96 grammes de cannabis et plusieurs c\u00e2bles de chargement \u00ab\u00a0dissimul\u00e9s dans des trappes d\u2019a\u00e9ration\u00a0\u00bb, selon le procureur de la R\u00e9publique de Toulouse, qui avait donn\u00e9 sa version du d\u00e9roul\u00e9 des faits, heure par heure.<\/p>\n<p class=\" wall-content\">Personnalisez votre actualit\u00e9 en ajoutant vos villes et m\u00e9dias en favori avec <a href=\"https:\/\/moncompte.actu.fr\" title=\"D\u00e9couvez Mon Actu\" rel=\"nofollow noopener\" data-trk=\"{&quot;cta&quot;:{&quot;action&quot;:&quot;https:\\\/\\\/moncompte.actu.fr&quot;,&quot;category&quot;:&quot;mon compte&quot;,&quot;from&quot;:&quot;article footer&quot;,&quot;name&quot;:&quot;Mon actu&quot;,&quot;type&quot;:&quot;cta&quot;}}\" target=\"_blank\">Mon Actu<\/a>.<\/p>\n","protected":false},"excerpt":{"rendered":"Par Guillaume Laurens Publi\u00e9 le 8 sept. 2025 \u00e0 18h56 Il n\u2019a pas surv\u00e9cu. Fethi\u00a0M., p\u00e8re de quatre&hellip;\n","protected":false},"author":2,"featured_media":376111,"comment_status":"","ping_status":"","sticky":false,"template":"","format":"standard","meta":{"footnotes":""},"categories":[2816],"tags":[1111,11,1052,1777,674,1011,27,303,12,2680,899,25,104,2312],"class_list":{"0":"post-376110","1":"post","2":"type-post","3":"status-publish","4":"format-standard","5":"has-post-thumbnail","7":"category-toulouse","8":"tag-actu","9":"tag-actualites","10":"tag-drogue","11":"tag-eu","12":"tag-europe","13":"tag-fr","14":"tag-france","15":"tag-justice","16":"tag-news","17":"tag-occitanie","18":"tag-prisons","19":"tag-republique-francaise","20":"tag-societe","21":"tag-toulouse"},"share_on_mastodon":{"url":"https:\/\/pubeurope.com\/@fr\/115170693964062689","error":""},"_links":{"self":[{"href":"https:\/\/www.europesays.com\/fr\/wp-json\/wp\/v2\/posts\/376110","targetHints":{"allow":["GET"]}}],"collection":[{"href":"https:\/\/www.europesays.com\/fr\/wp-json\/wp\/v2\/posts"}],"about":[{"href":"https:\/\/www.europesays.com\/fr\/wp-json\/wp\/v2\/types\/post"}],"author":[{"embeddable":true,"href":"https:\/\/www.europesays.com\/fr\/wp-json\/wp\/v2\/users\/2"}],"replies":[{"embeddable":true,"href":"https:\/\/www.europesays.com\/fr\/wp-json\/wp\/v2\/comments?post=376110"}],"version-history":[{"count":0,"href":"https:\/\/www.europesays.com\/fr\/wp-json\/wp\/v2\/posts\/376110\/revisions"}],"wp:featuredmedia":[{"embeddable":true,"href":"https:\/\/www.europesays.com\/fr\/wp-json\/wp\/v2\/media\/376111"}],"wp:attachment":[{"href":"https:\/\/www.europesays.com\/fr\/wp-json\/wp\/v2\/media?parent=376110"}],"wp:term":[{"taxonomy":"category","embeddable":true,"href":"https:\/\/www.europesays.com\/fr\/wp-json\/wp\/v2\/categories?post=376110"},{"taxonomy":"post_tag","embeddable":true,"href":"https:\/\/www.europesays.com\/fr\/wp-json\/wp\/v2\/tags?post=376110"}],"curies":[{"name":"wp","href":"https:\/\/api.w.org\/{rel}","templated":true}]}}