{"id":376123,"date":"2025-09-08T21:07:10","date_gmt":"2025-09-08T21:07:10","guid":{"rendered":"https:\/\/www.europesays.com\/fr\/376123\/"},"modified":"2025-09-08T21:07:10","modified_gmt":"2025-09-08T21:07:10","slug":"lyon-feux-de-poubelles-et-tirs-de-mortiers-en-marge-du-pot-de-depart-de-francois-bayrou","status":"publish","type":"post","link":"https:\/\/www.europesays.com\/fr\/376123\/","title":{"rendered":"Lyon. Feux de poubelles et tirs de mortiers en marge du \u00ab pot de d\u00e9part \u00bb de Fran\u00e7ois Bayrou"},"content":{"rendered":"<p>Plusieurs centaines de personnes se sont rassembl\u00e9es \u00e0 Lyon vers 19h30, ce lundi 8 septembre, pour \u00ab\u00a0f\u00eater le d\u00e9part\u00a0\u00bb du gouvernement dirig\u00e9 par <a href=\"https:\/\/www.leprogres.fr\/politique\/2025\/09\/08\/francois-bayrou-renverse-par-un-vote-de-confiance-qui-a-vote-quoi-a-l-assemblee\" target=\"_blank\" rel=\"noopener\">Fran\u00e7ois Bayrou<\/a>.<\/p>\n<p>Un rendez-vous \u00e0 l&rsquo;initiative de Lyon Insurrection, qui a vu converger environ 900 personnes place des Terreaux pour c\u00e9l\u00e9brer ce qu&rsquo;elles consid\u00e8rent comme une victoire. L&rsquo;objectif de la soir\u00e9e \u00a0? \u00ab\u00a0Cr\u00e9er du lien, s\u2019amuser et s\u2019unir avant le 10 septembre.\u00a0\u00bb<\/p>\n<p>Plusieurs heurts<\/p>\n<p>Mais tr\u00e8s vite, slogans anti-Macrons et pro-Palestine ont \u00e9t\u00e9 scand\u00e9s par la foule. Apr\u00e8s ce rassemblement devant l&rsquo;h\u00f4tel de Ville, plusieurs heurts ont \u00e9clat\u00e9.<\/p>\n<p>Ce contenu est bloqu\u00e9 car vous n&rsquo;avez pas accept\u00e9 les cookies et autres traceurs.<\/p>\n<p>En cliquant sur \u00ab J\u2019accepte \u00bb, les cookies et autres traceurs seront d\u00e9pos\u00e9s et vous pourrez visualiser les contenus  (<a href=\"\" class=\"consentModule_policy\" target=\"_blank\" title=\"Consulter la politique de protection des donn\u00e9es du fournisseur\">plus d&rsquo;informations<\/a>).<\/p>\n<p>En cliquant sur \u00ab J\u2019accepte tous les cookies \u00bb, vous autorisez des d\u00e9p\u00f4ts de cookies et autres traceurs pour le stockage de vos donn\u00e9es sur nos sites et applications \u00e0 des fins de personnalisation et de ciblage publicitaire.<\/p>\n<p class=\"consentModule_secondaryText\">Vous gardez la possibilit\u00e9 de retirer votre consentement \u00e0 tout moment en consultant notre <a href=\"https:\/\/www.leprogres.fr\/protection-des-donnees\" target=\"_blank\" title=\"Consulter notre politique de protection des donn\u00e9es\" rel=\"noopener\">politique de protection des donn\u00e9es<\/a>. <br \/>&#13;<br \/>\n            <a href=\"https:\/\/www.leprogres.fr\/social\/2025\/09\/08\/javascript:Didomi.notice.show()\" class=\"consentModule_cmp\" target=\"_blank\" rel=\"noopener\">G\u00e9rer mes choix<\/a>&#13;\n        <\/p>\n<p>&#13;<br \/>\n                        J&rsquo;accepte&#13;<br \/>\n            J&rsquo;accepte tous les cookies&#13;\n        <\/p>\n<p>Apr\u00e8s s&rsquo;\u00eatre dirig\u00e9s vers le 4e arrondissement et les pentes de la Croix-Rousse, les manifestants se sont \u00e9parpill\u00e9s. Feux de poubelles, tirs de mortiers, jets de projectiles : certains d&rsquo;entre eux s&rsquo;en sont pris aux forces de l&rsquo;ordre.<\/p>\n<p>En r\u00e9ponse,\u00a0les effectifs d\u00e9partementaux, une CRS et les CRS 83 ont d\u00fb faire usage de la force.\u00a0En revanche, selon nos informations, aucune intervention de pompiers n&rsquo;a eu lieu. <\/p>\n","protected":false},"excerpt":{"rendered":"Plusieurs centaines de personnes se sont rassembl\u00e9es \u00e0 Lyon vers 19h30, ce lundi 8 septembre, pour \u00ab\u00a0f\u00eater le&hellip;\n","protected":false},"author":2,"featured_media":376124,"comment_status":"","ping_status":"","sticky":false,"template":"","format":"standard","meta":{"footnotes":""},"categories":[1889],"tags":[1111,11,2430,2757,1777,674,274,107,1011,27,2428,2801,12,316,25,2429,801,104],"class_list":{"0":"post-376123","1":"post","2":"type-post","3":"status-publish","4":"format-standard","5":"has-post-thumbnail","7":"category-lyon","8":"tag-actu","9":"tag-actualites","10":"tag-auvergne-rhone-alpes","11":"tag-edition-lyon-villeurbanne","12":"tag-eu","13":"tag-europe","14":"tag-faits-divers-justice","15":"tag-fil-info","16":"tag-fr","17":"tag-france","18":"tag-lyon","19":"tag-lyon-1er-arrondissement","20":"tag-news","21":"tag-politique","22":"tag-republique-francaise","23":"tag-rhone","24":"tag-social","25":"tag-societe"},"share_on_mastodon":{"url":"https:\/\/pubeurope.com\/@fr\/115170721314506556","error":""},"_links":{"self":[{"href":"https:\/\/www.europesays.com\/fr\/wp-json\/wp\/v2\/posts\/376123","targetHints":{"allow":["GET"]}}],"collection":[{"href":"https:\/\/www.europesays.com\/fr\/wp-json\/wp\/v2\/posts"}],"about":[{"href":"https:\/\/www.europesays.com\/fr\/wp-json\/wp\/v2\/types\/post"}],"author":[{"embeddable":true,"href":"https:\/\/www.europesays.com\/fr\/wp-json\/wp\/v2\/users\/2"}],"replies":[{"embeddable":true,"href":"https:\/\/www.europesays.com\/fr\/wp-json\/wp\/v2\/comments?post=376123"}],"version-history":[{"count":0,"href":"https:\/\/www.europesays.com\/fr\/wp-json\/wp\/v2\/posts\/376123\/revisions"}],"wp:featuredmedia":[{"embeddable":true,"href":"https:\/\/www.europesays.com\/fr\/wp-json\/wp\/v2\/media\/376124"}],"wp:attachment":[{"href":"https:\/\/www.europesays.com\/fr\/wp-json\/wp\/v2\/media?parent=376123"}],"wp:term":[{"taxonomy":"category","embeddable":true,"href":"https:\/\/www.europesays.com\/fr\/wp-json\/wp\/v2\/categories?post=376123"},{"taxonomy":"post_tag","embeddable":true,"href":"https:\/\/www.europesays.com\/fr\/wp-json\/wp\/v2\/tags?post=376123"}],"curies":[{"name":"wp","href":"https:\/\/api.w.org\/{rel}","templated":true}]}}