{"id":376127,"date":"2025-09-08T21:10:42","date_gmt":"2025-09-08T21:10:42","guid":{"rendered":"https:\/\/www.europesays.com\/fr\/376127\/"},"modified":"2025-09-08T21:10:42","modified_gmt":"2025-09-08T21:10:42","slug":"pour-matignon-macron-cultive-le-flou","status":"publish","type":"post","link":"https:\/\/www.europesays.com\/fr\/376127\/","title":{"rendered":"Pour Matignon, Macron cultive le flou"},"content":{"rendered":"<p class=\"paragraph text_align_left lp-f-body-02\">Tous les regards sont d\u00e9sormais tourn\u00e9s vers <a href=\"https:\/\/www.leparisien.fr\/politique\/emmanuel-macron\/\" target=\"_blank\" rel=\"noreferrer nofollow noopener\">le chef de l\u2019\u00c9tat<\/a>. C\u2019est lui qui doit recevoir des mains de <a href=\"https:\/\/www.leparisien.fr\/politique\/francois-bayrou\/\" target=\"_blank\" rel=\"noreferrer nofollow noopener\">Fran\u00e7ois Bayrou<\/a>, ce mardi matin, la d\u00e9mission du gouvernement. C\u2019est lui qui doit nommer son successeur \u00e0 Matignon &#8211; le cinqui\u00e8me depuis 2022 ! C\u2019est sur ses \u00e9paules que la pression politique est d\u00e9sormais exerc\u00e9e.<\/p>\n<p class=\"paragraph text_align_left lp-f-body-02\">\u00ab En ces circonstances, le Pr\u00e9sident n\u2019a qu\u2019une possibilit\u00e9 : convoquer de nouvelles \u00e9lections \u00bb, a lanc\u00e9 <a href=\"https:\/\/www.leparisien.fr\/politique\/marine-le-pen\/\" target=\"_blank\" rel=\"noreferrer nofollow noopener\">Marine Le Pen<\/a> \u00e0 la tribune. Quand la cheffe des d\u00e9put\u00e9s <a href=\"https:\/\/www.leparisien.fr\/politique\/lfi\/\" target=\"_blank\" rel=\"noreferrer nofollow noopener\">LFI<\/a> <a href=\"https:\/\/www.leparisien.fr\/politique\/mathilde-panot\/\" target=\"_blank\" rel=\"noreferrer nofollow noopener\">Mathilde Panot<\/a> estime qu\u2019il faudra \u00ab changer de Pr\u00e9sident \u00bb, par une proc\u00e9dure de destitution au Parlement.<\/p>\n","protected":false},"excerpt":{"rendered":"Tous les regards sont d\u00e9sormais tourn\u00e9s vers le chef de l\u2019\u00c9tat. C\u2019est lui qui doit recevoir des mains&hellip;\n","protected":false},"author":2,"featured_media":376128,"comment_status":"","ping_status":"","sticky":false,"template":"","format":"standard","meta":{"footnotes":""},"categories":[1888],"tags":[1111,1928,11,1927,1777,674,1011,27,12,1926,626,1925,316,25],"class_list":{"0":"post-376127","1":"post","2":"type-post","3":"status-publish","4":"format-standard","5":"has-post-thumbnail","7":"category-paris","8":"tag-actu","9":"tag-actu-paris","10":"tag-actualites","11":"tag-actualites-paris","12":"tag-eu","13":"tag-europe","14":"tag-fr","15":"tag-france","16":"tag-news","17":"tag-news-paris","18":"tag-paris","19":"tag-paris-news","20":"tag-politique","21":"tag-republique-francaise"},"share_on_mastodon":{"url":"https:\/\/pubeurope.com\/@fr\/115170733172022517","error":""},"_links":{"self":[{"href":"https:\/\/www.europesays.com\/fr\/wp-json\/wp\/v2\/posts\/376127","targetHints":{"allow":["GET"]}}],"collection":[{"href":"https:\/\/www.europesays.com\/fr\/wp-json\/wp\/v2\/posts"}],"about":[{"href":"https:\/\/www.europesays.com\/fr\/wp-json\/wp\/v2\/types\/post"}],"author":[{"embeddable":true,"href":"https:\/\/www.europesays.com\/fr\/wp-json\/wp\/v2\/users\/2"}],"replies":[{"embeddable":true,"href":"https:\/\/www.europesays.com\/fr\/wp-json\/wp\/v2\/comments?post=376127"}],"version-history":[{"count":0,"href":"https:\/\/www.europesays.com\/fr\/wp-json\/wp\/v2\/posts\/376127\/revisions"}],"wp:featuredmedia":[{"embeddable":true,"href":"https:\/\/www.europesays.com\/fr\/wp-json\/wp\/v2\/media\/376128"}],"wp:attachment":[{"href":"https:\/\/www.europesays.com\/fr\/wp-json\/wp\/v2\/media?parent=376127"}],"wp:term":[{"taxonomy":"category","embeddable":true,"href":"https:\/\/www.europesays.com\/fr\/wp-json\/wp\/v2\/categories?post=376127"},{"taxonomy":"post_tag","embeddable":true,"href":"https:\/\/www.europesays.com\/fr\/wp-json\/wp\/v2\/tags?post=376127"}],"curies":[{"name":"wp","href":"https:\/\/api.w.org\/{rel}","templated":true}]}}