{"id":376131,"date":"2025-09-08T21:12:27","date_gmt":"2025-09-08T21:12:27","guid":{"rendered":"https:\/\/www.europesays.com\/fr\/376131\/"},"modified":"2025-09-08T21:12:27","modified_gmt":"2025-09-08T21:12:27","slug":"le-grand-palais-accueille-la-28e-edition-de-paris-photo","status":"publish","type":"post","link":"https:\/\/www.europesays.com\/fr\/376131\/","title":{"rendered":"Le Grand Palais accueille la 28e \u00e9dition de Paris Photo"},"content":{"rendered":"<p>\t\t\t\t\t\t\t\t\t\t\t\t\t\t\t\t\t\t\t\t\t\t<img loading=\"lazy\" decoding=\"async\" src=\"data:image\/svg+xml,%3Csvg%20xmlns=\" http:=\"\" class=\"img-fluid\" alt=\"exposition grand palais\" width=\"1024\" height=\"683\" data-lazy-src=\"https:\/\/www.europesays.com\/fr\/wp-content\/uploads\/2025\/09\/COUV-ARTICLES-1620x1080-35-1024x683.jpg\"\/><\/p>\n<p>Rendez-vous incontournable pour les professionnels et amateurs de la discipline, le salon <strong>Paris Photo<\/strong> s\u2019invite au Grand Palais du 13 au 16 novembre prochain. Lieu d\u2019exposition et de rencontres, il s\u2019y d\u00e9roulera de nombreuses activit\u00e9s pendant les 4 jours de sa tenue. Avec un tel programme, impossible de s\u2019ennuyer !<\/p>\n<p> Une \u00e9dition XXL de retour au Grand Palais <\/p>\n<p>V\u00e9ritable point de rencontre entre tous les aficionados de la photo, le salon invite depuis 1996 \u00e0 la fois <strong>les artistes et les collectionneurs<\/strong>, mais aussi les \u00e9diteurs \u00e0 \u00e9changer autour de leur passion commune. Pour sa 28e \u00e9dition, les organisateurs du salon n\u2019ont pas fait les choses \u00e0 moiti\u00e9 ! Plus de <strong>200 galeries et exposants<\/strong> provenant des quatre coins du monde ont en effet \u00e9t\u00e9 convi\u00e9s.<\/p>\n<p> <img fetchpriority=\"high\" decoding=\"async\" class=\"size-full wp-image-47572\" src=\"data:image\/svg+xml,%3Csvg%20xmlns=\" http:=\"\" alt=\"salon paris photo\" width=\"1920\" height=\"1080\" data-lazy- data-lazy- data-lazy-src=\"https:\/\/www.europesays.com\/fr\/wp-content\/uploads\/2025\/09\/COUV-ARTICLES-1920x1080-41.jpg\"\/>Foire vue d\u2019ensemble \u00a9 Florent Drillon Rendez-vous incontournable pour les passionn\u00e9s <\/p>\n<p>On y retrouvera de nombreuses expositions, des animations en tout genre mais aussi le travail d\u2019une flop\u00e9e d\u2019artistes \u00e9mergents gr\u00e2ce \u00e0 plusieurs secteurs th\u00e9matiques. Mais, au-del\u00e0 de la simple exhibition, Paris Photo proposera \u00e0 ses visiteurs <strong>un programme surcharg\u00e9<\/strong>. Ces 4 jours seront rythm\u00e9s par quelques prix, conf\u00e9rences et rencontres avec les artistes.<\/p>\n<p> <img loading=\"lazy\" decoding=\"async\" class=\"size-full wp-image-47571\" src=\"data:image\/svg+xml,%3Csvg%20xmlns=\" http:=\"\" alt=\"salon paris photo\" width=\"1920\" height=\"1080\" data-lazy- data-lazy- data-lazy-src=\"https:\/\/www.europesays.com\/fr\/wp-content\/uploads\/2025\/09\/COUV-ARTICLES-1920x1080-40.jpg\"\/>Foire vue du dessus \u2013 \u00a9 J\u00e9r\u00e9mie Bouillon <\/p>\n<p>Pas de panique pour les absents, ce week-end culturel \u00e9toff\u00e9 <strong>se tiendra aussi en ligne<\/strong> !<\/p>\n<p>Paris Photo 2025<br \/>\ud83d\udccdLieu : Grand Palais<br \/>\ud83d\udcc6 Dates : Du 13 au 16 novembre 2025<\/p>\n","protected":false},"excerpt":{"rendered":"Rendez-vous incontournable pour les professionnels et amateurs de la discipline, le salon Paris Photo s\u2019invite au Grand Palais&hellip;\n","protected":false},"author":2,"featured_media":376132,"comment_status":"","ping_status":"","sticky":false,"template":"","format":"standard","meta":{"footnotes":""},"categories":[1888],"tags":[11,1777,674,1011,27,12,626,25],"class_list":{"0":"post-376131","1":"post","2":"type-post","3":"status-publish","4":"format-standard","5":"has-post-thumbnail","7":"category-paris","8":"tag-actualites","9":"tag-eu","10":"tag-europe","11":"tag-fr","12":"tag-france","13":"tag-news","14":"tag-paris","15":"tag-republique-francaise"},"share_on_mastodon":{"url":"https:\/\/pubeurope.com\/@fr\/115170741116625376","error":""},"_links":{"self":[{"href":"https:\/\/www.europesays.com\/fr\/wp-json\/wp\/v2\/posts\/376131","targetHints":{"allow":["GET"]}}],"collection":[{"href":"https:\/\/www.europesays.com\/fr\/wp-json\/wp\/v2\/posts"}],"about":[{"href":"https:\/\/www.europesays.com\/fr\/wp-json\/wp\/v2\/types\/post"}],"author":[{"embeddable":true,"href":"https:\/\/www.europesays.com\/fr\/wp-json\/wp\/v2\/users\/2"}],"replies":[{"embeddable":true,"href":"https:\/\/www.europesays.com\/fr\/wp-json\/wp\/v2\/comments?post=376131"}],"version-history":[{"count":0,"href":"https:\/\/www.europesays.com\/fr\/wp-json\/wp\/v2\/posts\/376131\/revisions"}],"wp:featuredmedia":[{"embeddable":true,"href":"https:\/\/www.europesays.com\/fr\/wp-json\/wp\/v2\/media\/376132"}],"wp:attachment":[{"href":"https:\/\/www.europesays.com\/fr\/wp-json\/wp\/v2\/media?parent=376131"}],"wp:term":[{"taxonomy":"category","embeddable":true,"href":"https:\/\/www.europesays.com\/fr\/wp-json\/wp\/v2\/categories?post=376131"},{"taxonomy":"post_tag","embeddable":true,"href":"https:\/\/www.europesays.com\/fr\/wp-json\/wp\/v2\/tags?post=376131"}],"curies":[{"name":"wp","href":"https:\/\/api.w.org\/{rel}","templated":true}]}}