{"id":376133,"date":"2025-09-08T21:13:10","date_gmt":"2025-09-08T21:13:10","guid":{"rendered":"https:\/\/www.europesays.com\/fr\/376133\/"},"modified":"2025-09-08T21:13:10","modified_gmt":"2025-09-08T21:13:10","slug":"paris-lyon-rennes-des-pots-de-depart-organises-pour-feter-la-chute-de-bayrou-et-preparer-le-10-septembre","status":"publish","type":"post","link":"https:\/\/www.europesays.com\/fr\/376133\/","title":{"rendered":"Paris, Lyon, Rennes&#8230; Des \u00ab pots de d\u00e9part \u00bb organis\u00e9s pour f\u00eater la chute de Bayrou et pr\u00e9parer le 10 septembre"},"content":{"rendered":"<p class=\"paragraph text_align_left lp-f-body-02\"><a href=\"https:\/\/www.leparisien.fr\/politique\/bye-bye-bayrou-des-pots-de-depart-organises-devant-les-mairies-francaises-lundi-en-cas-de-chute-du-gouvernement-08-09-2025-JJJJAF5WVFAPRIKEFM7J2RCSEM.php\" target=\"_blank\" rel=\"noreferrer nofollow noopener\">Comme promis par de nombreux militants et syndicats<\/a>, des manifestants f\u00eatent lundi soir dans diff\u00e9rents endroits de France <a href=\"https:\/\/www.leparisien.fr\/politique\/cette-epreuve-de-verite-je-lai-voulue-le-testament-politique-de-francois-bayrou-08-09-2025-4OXFW6ISYNCTBGCQALKV4HBL5A.php\" target=\"_blank\" rel=\"noreferrer nofollow noopener\">la chute du gouvernement de Fran\u00e7ois Bayrou<\/a> devant des mairies, \u00e0 l\u2019appel du <a href=\"https:\/\/www.leparisien.fr\/info-paris-ile-de-france-oise\/transports\/mouvement-du-10-septembre-rer-metro-transilien-quelles-perturbations-dans-les-transports-en-ile-de-france-08-09-2025-YZFBNQDWZBBWLMOGL3OBRWTQWA.php\" target=\"_blank\" rel=\"noreferrer nofollow noopener\">mouvement \u00ab Bloquons tout \u00bb le 10 septembre<\/a>.<\/p>\n<p class=\"paragraph text_align_left lp-f-body-02\">\u00c0 Nantes, quelque 300 personnes, selon la pr\u00e9fecture, se sont rassembl\u00e9es en d\u00e9but de soir\u00e9e, en musique et sous des pancartes marqu\u00e9es \u00ab Bye bye Bayrou \u00bb et \u00ab le 10\/09 on bloque tout \u00bb, quelques confettis survolant le regroupement. \u00ab On en profite pour \u00e9changer sur les diff\u00e9rentes actions pr\u00e9vues le 10 septembre, les informations circulent \u00bb, rapporte In\u00e8s Guaaybess, 30 ans, qui pr\u00e9voit de se mobiliser mercredi.<\/p>\n<p>\u00ab On est au bout du syst\u00e8me \u00bb<\/p>\n<p class=\"paragraph text_align_left lp-f-body-02\">Du c\u00f4t\u00e9 de Rennes, quelques centaines de personnes, pour beaucoup des \u00e9tudiants, se sont r\u00e9unis place de la mairie autour d\u2019une table avec quelques bouteilles et du pain, sur fond de musique et de confettis. Les manifestants se sont ensuite rendus place Sainte-Anne au centre ville, haut lieu de la vie \u00e9tudiante rennaise.<\/p>\n<p class=\"paragraph text_align_left lp-f-body-02\">\u00ab On est au bout du syst\u00e8me \u00bb avec \u00ab une alternance droite gauche qui ne remet pas en cause le c\u00f4t\u00e9 capitaliste lib\u00e9ral. Il va falloir bifurquer \u00bb, assure J\u00e9r\u00e9mie, ing\u00e9nieur de 37 ans, venu en v\u00e9lo avec son enfant.<\/p>\n<p class=\"paragraph text_align_left lp-f-body-02\">\u00c0 Lyon, plusieurs centaines de personnes se sont r\u00e9unies sur la place des Terreaux. Des chants anti-Macron, devenus c\u00e9l\u00e8bres lors des manifestations contre la r\u00e9forme des retraites, sont entonn\u00e9s par la foule. Le rassemblement s\u2019est ensuite transform\u00e9 en cort\u00e8ge improvis\u00e9, selon nos confr\u00e8res d\u2019Actu Lyon. <\/p>\n<p class=\"paragraph text_align_left lp-f-body-02\">Dans la capitale, des rassemblements \u00e9taient organis\u00e9s devant plusieurs mairies d\u2019arrondissement. Dans le 20e, au moins 200 personnes se sont r\u00e9unies place Gambetta dans une ambiance bon enfant.<\/p>\n<p class=\"paragraph text_align_left lp-f-body-02\">\u00ab C\u2019est une grande victoire ce soir ! Le prochain gouvernement devrait penser aux pauvres et aux retrait\u00e9s. Tout est cher, tout augmente. Macron, je voudrais qu\u2019il s\u2019en aille, pourtant j\u2019ai vot\u00e9 deux fois pour lui pour faire barrage \u00bb \u00e0 l\u2019extr\u00eame droite, explique Amina Elrhardour, 60 ans.<\/p>\n<p class=\"paragraph text_align_left lp-f-body-02\">Selon Marius, 25 ans, \u00ab il y a vraiment de la d\u00e9mocratie locale qui s\u2019organise \u00bb en vue du 10 septembre, tandis que Xavier Keller, 25 ans lui aussi, dit que \u00ab le Nouveau Front populaire doit gouverner. On est capable de faire accepter un budget de gauche, je n\u2019ai aucun doute l\u00e0-dessus \u00bb.<\/p>\n<p class=\"paragraph text_align_left lp-f-body-02\">Des centaines de personnes se sont \u00e9galement rassembl\u00e9es devant l\u2019h\u00f4tel de ville de Marseille, rapportent nos confr\u00e8res de <a href=\"https:\/\/www.laprovence.com\/article\/politique\/60322015449183\/avant-la-mobilisation-du-10-plusieurs-centaines-de-personnes-au-pot-de-depart-de-francois-bayrou-a-marseille\" target=\"_blank\" rel=\"noreferrer nofollow noopener\">La Provence<\/a>. Jeunes, syndicalistes et Gilets jaunes \u00e9taient pr\u00e9sents, selon le journal local, pr\u00e9parant la journ\u00e9e de mobilisation du 10 septembre. <\/p>\n<p>Un rassemblement \u00e0 Pau, ville o\u00f9 Bayrou est maire<\/p>\n<p class=\"paragraph text_align_left lp-f-body-02\">\u00c0 Bordeaux, plus d\u2019une centaine de personnes, dont de tr\u00e8s nombreux jeunes, ont applaudi et cri\u00e9 de joie \u00e0 l\u2019annonce de la chute du gouvernement Bayrou, au son d\u2019une fanfare.<\/p>\n<p class=\"paragraph text_align_left lp-f-body-02\">\u00ab Il faut qu\u2019on soit visible, on est nombreux \u00e0 en avoir ras le bol et n\u2019avoir plus confiance en Macron \u00bb, lance Mathilde, trentenaire ceintur\u00e9e d\u2019une banane Conf\u00e9d\u00e9ration paysanne.<\/p>\n<p class=\"paragraph text_align_left lp-f-body-02\">Un rassemblement a \u00e9galement \u00e9t\u00e9 organis\u00e9 en fin d\u2019apr\u00e8s-midi \u00e0 Pau, ville dont Fran\u00e7ois Bayrou est le maire. Emmanuel Macron a dit, lundi soir, vouloir nommer un nouveau Premier ministre \u00ab dans les tout prochains jours \u00bb.<\/p>\n","protected":false},"excerpt":{"rendered":"Comme promis par de nombreux militants et syndicats, des manifestants f\u00eatent lundi soir dans diff\u00e9rents endroits de France&hellip;\n","protected":false},"author":2,"featured_media":376134,"comment_status":"","ping_status":"","sticky":false,"template":"","format":"standard","meta":{"footnotes":""},"categories":[1888],"tags":[11,1777,674,1011,27,12,626,316,25],"class_list":{"0":"post-376133","1":"post","2":"type-post","3":"status-publish","4":"format-standard","5":"has-post-thumbnail","7":"category-paris","8":"tag-actualites","9":"tag-eu","10":"tag-europe","11":"tag-fr","12":"tag-france","13":"tag-news","14":"tag-paris","15":"tag-politique","16":"tag-republique-francaise"},"share_on_mastodon":{"url":"https:\/\/pubeurope.com\/@fr\/115170744976071451","error":""},"_links":{"self":[{"href":"https:\/\/www.europesays.com\/fr\/wp-json\/wp\/v2\/posts\/376133","targetHints":{"allow":["GET"]}}],"collection":[{"href":"https:\/\/www.europesays.com\/fr\/wp-json\/wp\/v2\/posts"}],"about":[{"href":"https:\/\/www.europesays.com\/fr\/wp-json\/wp\/v2\/types\/post"}],"author":[{"embeddable":true,"href":"https:\/\/www.europesays.com\/fr\/wp-json\/wp\/v2\/users\/2"}],"replies":[{"embeddable":true,"href":"https:\/\/www.europesays.com\/fr\/wp-json\/wp\/v2\/comments?post=376133"}],"version-history":[{"count":0,"href":"https:\/\/www.europesays.com\/fr\/wp-json\/wp\/v2\/posts\/376133\/revisions"}],"wp:featuredmedia":[{"embeddable":true,"href":"https:\/\/www.europesays.com\/fr\/wp-json\/wp\/v2\/media\/376134"}],"wp:attachment":[{"href":"https:\/\/www.europesays.com\/fr\/wp-json\/wp\/v2\/media?parent=376133"}],"wp:term":[{"taxonomy":"category","embeddable":true,"href":"https:\/\/www.europesays.com\/fr\/wp-json\/wp\/v2\/categories?post=376133"},{"taxonomy":"post_tag","embeddable":true,"href":"https:\/\/www.europesays.com\/fr\/wp-json\/wp\/v2\/tags?post=376133"}],"curies":[{"name":"wp","href":"https:\/\/api.w.org\/{rel}","templated":true}]}}