{"id":376139,"date":"2025-09-08T21:16:14","date_gmt":"2025-09-08T21:16:14","guid":{"rendered":"https:\/\/www.europesays.com\/fr\/376139\/"},"modified":"2025-09-08T21:16:14","modified_gmt":"2025-09-08T21:16:14","slug":"ecoreseau-business-entree-des-etats-unis-dans-le-capital-dintel-un-tournant-majeur","status":"publish","type":"post","link":"https:\/\/www.europesays.com\/fr\/376139\/","title":{"rendered":"\u00c9coR\u00e9seau Business &#8211; Entr\u00e9e des Etats-Unis dans le Capital d&rsquo;Intel : un tournant majeur ?"},"content":{"rendered":"<p>    <strong>L\u2019entr\u00e9e du gouvernement am\u00e9ricain au capital d\u2019Intel bouleverse les r\u00e8gles du jeu \u00e9conomique mondial. Rare et hautement strat\u00e9gique, cette d\u00e9cision marque un tournant pour le capitalisme am\u00e9ricain.<\/strong><\/p>\n<p>\n            Elle r\u00e9v\u00e8le une bascule vers un mod\u00e8le plus interventionniste, ax\u00e9 sur la souverainet\u00e9 technologique et la s\u00e9curit\u00e9 nationale. Mais cette approche, in\u00e9dite aux \u00c9tats-Unis en dehors des p\u00e9riodes de crise, soul\u00e8ve des d\u00e9bats passionn\u00e9s. Sommes-nous face \u00e0 la naissance d\u2019un nouveau capitalisme d\u2019\u00c9tat \u00e0 l\u2019am\u00e9ricaine ?        <\/p>\n","protected":false},"excerpt":{"rendered":"L\u2019entr\u00e9e du gouvernement am\u00e9ricain au capital d\u2019Intel bouleverse les r\u00e8gles du jeu \u00e9conomique mondial. Rare et hautement strat\u00e9gique,&hellip;\n","protected":false},"author":2,"featured_media":376140,"comment_status":"","ping_status":"","sticky":false,"template":"","format":"standard","meta":{"footnotes":""},"categories":[1589],"tags":[11,4707,17362,73,1866,418,861,1874,223,399,38033,12,717,467,1864,1865,1863,308],"class_list":{"0":"post-376139","1":"post","2":"type-post","3":"status-publish","4":"format-standard","5":"has-post-thumbnail","7":"category-etats-unis","8":"tag-actualites","9":"tag-amerique","10":"tag-capital","11":"tag-etats-unis","12":"tag-etats-unis-damerique","13":"tag-gouvernement","14":"tag-ia","15":"tag-intel","16":"tag-intelligence-artificielle","17":"tag-investissement","18":"tag-liberalisme","19":"tag-news","20":"tag-technologie","21":"tag-trump","22":"tag-united-states","23":"tag-united-states-of-america","24":"tag-us","25":"tag-usa"},"share_on_mastodon":{"url":"https:\/\/pubeurope.com\/@fr\/115170757028391068","error":""},"_links":{"self":[{"href":"https:\/\/www.europesays.com\/fr\/wp-json\/wp\/v2\/posts\/376139","targetHints":{"allow":["GET"]}}],"collection":[{"href":"https:\/\/www.europesays.com\/fr\/wp-json\/wp\/v2\/posts"}],"about":[{"href":"https:\/\/www.europesays.com\/fr\/wp-json\/wp\/v2\/types\/post"}],"author":[{"embeddable":true,"href":"https:\/\/www.europesays.com\/fr\/wp-json\/wp\/v2\/users\/2"}],"replies":[{"embeddable":true,"href":"https:\/\/www.europesays.com\/fr\/wp-json\/wp\/v2\/comments?post=376139"}],"version-history":[{"count":0,"href":"https:\/\/www.europesays.com\/fr\/wp-json\/wp\/v2\/posts\/376139\/revisions"}],"wp:featuredmedia":[{"embeddable":true,"href":"https:\/\/www.europesays.com\/fr\/wp-json\/wp\/v2\/media\/376140"}],"wp:attachment":[{"href":"https:\/\/www.europesays.com\/fr\/wp-json\/wp\/v2\/media?parent=376139"}],"wp:term":[{"taxonomy":"category","embeddable":true,"href":"https:\/\/www.europesays.com\/fr\/wp-json\/wp\/v2\/categories?post=376139"},{"taxonomy":"post_tag","embeddable":true,"href":"https:\/\/www.europesays.com\/fr\/wp-json\/wp\/v2\/tags?post=376139"}],"curies":[{"name":"wp","href":"https:\/\/api.w.org\/{rel}","templated":true}]}}