{"id":376143,"date":"2025-09-08T21:18:18","date_gmt":"2025-09-08T21:18:18","guid":{"rendered":"https:\/\/www.europesays.com\/fr\/376143\/"},"modified":"2025-09-08T21:18:18","modified_gmt":"2025-09-08T21:18:18","slug":"nyons-un-voyage-en-allemagne-pour-honorer-la-memoire-de-chantal-gougouzian","status":"publish","type":"post","link":"https:\/\/www.europesays.com\/fr\/376143\/","title":{"rendered":"Nyons. Un voyage en Allemagne pour honorer la m\u00e9moire de Chantal Gougouzian"},"content":{"rendered":"<p>Toujours tr\u00e8s actif, le comit\u00e9 de jumelage Nyons-Mechernich organise un s\u00e9jour dans la cit\u00e9 jumelle allemande du 17 au 22\u00a0octobre. Avec au programme de belles animations d\u00e9j\u00e0 pr\u00e9vues, l\u2019occasion sera donn\u00e9e aussi \u00e0 la d\u00e9l\u00e9gation nyonsaise de participer le 18\u00a0octobre \u00e0 l\u2019inauguration d\u2019une rue Chantal-Gougouzian, ancienne pr\u00e9sidente du comit\u00e9 de jumelage qui avait tant fait de son vivant pour promouvoir les liens d\u2019amiti\u00e9 entre les deux villes.<\/p>\n<p class=\"note\"> \u25b6 \u2002 Renseignements et inscriptions au 06\u00a067\u00a062\u00a001\u00a005.<\/p>\n","protected":false},"excerpt":{"rendered":"Toujours tr\u00e8s actif, le comit\u00e9 de jumelage Nyons-Mechernich organise un s\u00e9jour dans la cit\u00e9 jumelle allemande du 17&hellip;\n","protected":false},"author":2,"featured_media":376144,"comment_status":"","ping_status":"","sticky":false,"template":"","format":"standard","meta":{"footnotes":""},"categories":[1587],"tags":[11,672,1804,271,1805,272,1803,6436,1777,674,274,1801,12,36309,36310,1802],"class_list":{"0":"post-376143","1":"post","2":"type-post","3":"status-publish","4":"format-standard","5":"has-post-thumbnail","7":"category-allemagne","8":"tag-actualites","9":"tag-allemagne","10":"tag-bundesrepublik-deutschland","11":"tag-crime","12":"tag-de","13":"tag-delit-et-contravention","14":"tag-deutschland","15":"tag-edition-montelimar-drome-provencale","16":"tag-eu","17":"tag-europe","18":"tag-faits-divers-justice","19":"tag-germany","20":"tag-news","21":"tag-nyons","22":"tag-nyons-bassin","23":"tag-republique-federale-dallemagne"},"share_on_mastodon":{"url":"https:\/\/pubeurope.com\/@fr\/115170764651095748","error":""},"_links":{"self":[{"href":"https:\/\/www.europesays.com\/fr\/wp-json\/wp\/v2\/posts\/376143","targetHints":{"allow":["GET"]}}],"collection":[{"href":"https:\/\/www.europesays.com\/fr\/wp-json\/wp\/v2\/posts"}],"about":[{"href":"https:\/\/www.europesays.com\/fr\/wp-json\/wp\/v2\/types\/post"}],"author":[{"embeddable":true,"href":"https:\/\/www.europesays.com\/fr\/wp-json\/wp\/v2\/users\/2"}],"replies":[{"embeddable":true,"href":"https:\/\/www.europesays.com\/fr\/wp-json\/wp\/v2\/comments?post=376143"}],"version-history":[{"count":0,"href":"https:\/\/www.europesays.com\/fr\/wp-json\/wp\/v2\/posts\/376143\/revisions"}],"wp:featuredmedia":[{"embeddable":true,"href":"https:\/\/www.europesays.com\/fr\/wp-json\/wp\/v2\/media\/376144"}],"wp:attachment":[{"href":"https:\/\/www.europesays.com\/fr\/wp-json\/wp\/v2\/media?parent=376143"}],"wp:term":[{"taxonomy":"category","embeddable":true,"href":"https:\/\/www.europesays.com\/fr\/wp-json\/wp\/v2\/categories?post=376143"},{"taxonomy":"post_tag","embeddable":true,"href":"https:\/\/www.europesays.com\/fr\/wp-json\/wp\/v2\/tags?post=376143"}],"curies":[{"name":"wp","href":"https:\/\/api.w.org\/{rel}","templated":true}]}}