{"id":376169,"date":"2025-09-08T21:33:11","date_gmt":"2025-09-08T21:33:11","guid":{"rendered":"https:\/\/www.europesays.com\/fr\/376169\/"},"modified":"2025-09-08T21:33:11","modified_gmt":"2025-09-08T21:33:11","slug":"marie-sophie-lacarrau-rend-hommage-a-rene-tendron-mort-a-91-ans","status":"publish","type":"post","link":"https:\/\/www.europesays.com\/fr\/376169\/","title":{"rendered":"Marie-Sophie Lacarrau rend hommage \u00e0 Ren\u00e9 Tendron, mort \u00e0 91 ans"},"content":{"rendered":"<p>    Marie-Sophie Lacarrau rend hommage \u00e0 Ren\u00e9 Tendron<br \/>\n                Capture \u00e9cran TF1<\/p>\n<p>Monsieur Bourse sur TF1 dans les ann\u00e9es 80 s\u2019est \u00e9teint, comme l\u2019a annonc\u00e9 la journaliste ce lundi dans son JT de 13 heures.<\/p>\n<p class=\"fig-paragraph\">Figure bien connue des t\u00e9l\u00e9spectateurs des ann\u00e9es 1980 gr\u00e2ce \u00e0 son embl\u00e9matique moustache, Ren\u00e9 Tendron, qui pr\u00e9sentait les r\u00e9sultats de la Bourse de Paris dans les journaux de 13H00 de TF1, est mort \u00e0 l&rsquo;\u00e2ge de 91 ans, a annonc\u00e9 lundi son ancienne cha\u00eene.<\/p>\n<p class=\"fig-paragraph\">\u00abNous avons aujourd&rsquo;hui une pens\u00e9e pour les proches de Ren\u00e9 Tendron. Pendant des ann\u00e9es, dans le 13H00 d&rsquo;Yves Mourousi, il \u00e9tait en direct de la Bourse de Paris chaque jour. Il vient de s&rsquo;\u00e9teindre \u00e0 l&rsquo;\u00e2ge de 91 ans\u00bb, a d\u00e9clar\u00e9\u00a0<a href=\"http:\/\/tvmag.lefigaro.fr\/programme-tv\/actu-tele\/marie-sophie-lacarrau-et-isabelle-ithurburu-nous-partageons-les-memes-preoccupations-que-les-francais-20250703\" target=\"_blank\" data-fig-type=\"Article\" rel=\"noopener\" data-gtm-custom-categorie=\"navigation\" data-gtm-custom-action=\"crossclick\" data-gtm-custom-label=\"Contextuel\" data-gtm-event=\"customEventSPE\" data-fig-domain=\"TVMAG\">Marie-Sophie Lacarrau<\/a>, actuelle pr\u00e9sentatrice du 13H00, \u00e0 la fin de son JT.<\/p>\n<p>                                    <a class=\"fig-a11y-skip a11y-hidden\" href=\"#fig-a11y-skip-main-inarticle\"><br \/>\n        Passer la publicit\u00e9<br \/>\n    <\/a><\/p>\n<p>Une chronique boursi\u00e8re en direct<\/p>\n<p class=\"fig-paragraph\">Costume-cravate, lunettes fum\u00e9es et voix nasillarde, Ren\u00e9 Tendron pr\u00e9sentait la chronique boursi\u00e8re en direct depuis la Bourse de Paris, qui se trouvait alors dans le Palais Brongniart, au centre de la capitale. \u00c0 l\u2019\u00e9poque, les ordres d&rsquo;achat et de vente des titres y \u00e9taient hurl\u00e9s au t\u00e9l\u00e9phone par les op\u00e9rateurs boursiers, dans le brouhaha.<\/p>\n<p class=\"fig-paragraph\">Ce temps est r\u00e9volu\u00a0: la Bourse a totalement quitt\u00e9 le Palais Brongniart en 1998, le march\u00e9 \u00e9tant devenu enti\u00e8rement informatis\u00e9. Sp\u00e9cialiste d&rsquo;\u00e9conomie, Ren\u00e9 Tendron avait sign\u00e9 plusieurs ouvrages destin\u00e9s au grand public, dont Le guide de votre argent, actualis\u00e9 chaque ann\u00e9e.<\/p>\n","protected":false},"excerpt":{"rendered":"Marie-Sophie Lacarrau rend hommage \u00e0 Ren\u00e9 Tendron Capture \u00e9cran TF1 Monsieur Bourse sur TF1 dans les ann\u00e9es 80&hellip;\n","protected":false},"author":2,"featured_media":376170,"comment_status":"","ping_status":"","sticky":false,"template":"","format":"standard","meta":{"footnotes":""},"categories":[1359],"tags":[58,59,1011,27,19428,973],"class_list":{"0":"post-376169","1":"post","2":"type-post","3":"status-publish","4":"format-standard","5":"has-post-thumbnail","7":"category-people","8":"tag-divertissement","9":"tag-entertainment","10":"tag-fr","11":"tag-france","12":"tag-marie-sophie-lacarrau","13":"tag-people"},"share_on_mastodon":{"url":"https:\/\/pubeurope.com\/@fr\/115170823587323988","error":""},"_links":{"self":[{"href":"https:\/\/www.europesays.com\/fr\/wp-json\/wp\/v2\/posts\/376169","targetHints":{"allow":["GET"]}}],"collection":[{"href":"https:\/\/www.europesays.com\/fr\/wp-json\/wp\/v2\/posts"}],"about":[{"href":"https:\/\/www.europesays.com\/fr\/wp-json\/wp\/v2\/types\/post"}],"author":[{"embeddable":true,"href":"https:\/\/www.europesays.com\/fr\/wp-json\/wp\/v2\/users\/2"}],"replies":[{"embeddable":true,"href":"https:\/\/www.europesays.com\/fr\/wp-json\/wp\/v2\/comments?post=376169"}],"version-history":[{"count":0,"href":"https:\/\/www.europesays.com\/fr\/wp-json\/wp\/v2\/posts\/376169\/revisions"}],"wp:featuredmedia":[{"embeddable":true,"href":"https:\/\/www.europesays.com\/fr\/wp-json\/wp\/v2\/media\/376170"}],"wp:attachment":[{"href":"https:\/\/www.europesays.com\/fr\/wp-json\/wp\/v2\/media?parent=376169"}],"wp:term":[{"taxonomy":"category","embeddable":true,"href":"https:\/\/www.europesays.com\/fr\/wp-json\/wp\/v2\/categories?post=376169"},{"taxonomy":"post_tag","embeddable":true,"href":"https:\/\/www.europesays.com\/fr\/wp-json\/wp\/v2\/tags?post=376169"}],"curies":[{"name":"wp","href":"https:\/\/api.w.org\/{rel}","templated":true}]}}