{"id":376171,"date":"2025-09-08T21:34:10","date_gmt":"2025-09-08T21:34:10","guid":{"rendered":"https:\/\/www.europesays.com\/fr\/376171\/"},"modified":"2025-09-08T21:34:10","modified_gmt":"2025-09-08T21:34:10","slug":"atepa-dessine-les-contours-de-libreville-ii","status":"publish","type":"post","link":"https:\/\/www.europesays.com\/fr\/376171\/","title":{"rendered":"ATEPA DESSINE LES CONTOURS DE LIBREVILLE II"},"content":{"rendered":"<p><strong>(SenePlus)<\/strong> &#8211; \u00c0 78 ans, Pierre Goudiaby Atepa n&rsquo;a rien perdu de son ambition de \u00ab\u00a0b\u00e2tisseur\u00a0\u00bb. L&rsquo;architecte s\u00e9n\u00e9galais, surnomm\u00e9 \u00ab\u00a0Atepa\u00a0\u00bb par sa grand-m\u00e8re (ce qui signifie \u00ab\u00a0le b\u00e2tisseur\u00a0\u00bb en diola), s&rsquo;est vu confier par le pr\u00e9sident gabonais Brice Clotaire Oligui Nguema la conception d&rsquo;un projet titanesque : Libreville II, une nouvelle capitale politique et administrative situ\u00e9e \u00e0 une quarantaine de kilom\u00e8tres de la capitale historique.<\/p>\n<p>Selon un article de Mehdi Ba publi\u00e9 dans Jeune Afrique le 7 septembre 2025, ce projet ambitieux s&rsquo;accompagne de la construction d&rsquo;un nouvel a\u00e9roport international \u00e0 Andem, destin\u00e9 \u00e0 remplacer l&rsquo;actuel a\u00e9roport L\u00e9on-Mba, vieillissant depuis les ann\u00e9es 1950.<\/p>\n<p>L&rsquo;id\u00e9e a germ\u00e9 peu apr\u00e8s le putsch du 30 ao\u00fbt 2023 qui a port\u00e9 Oligui Nguema au pouvoir. Comme le rapporte JA, \u00ab\u00a0le projet a germ\u00e9 peu apr\u00e8s le coup d&rsquo;\u00c9tat du 30 ao\u00fbt 2023\u00a0\u00bb. En octobre suivant, le nouveau dirigeant expose son r\u00eave d&rsquo;une capitale alternative au secr\u00e9taire g\u00e9n\u00e9ral du Conseil sup\u00e9rieur de l&rsquo;ordre gabonais des architectes.<\/p>\n<p>La rencontre d\u00e9cisive a lieu en janvier 2024, lors d&rsquo;une visite officielle d&rsquo;Oligui Nguema \u00e0 Dakar. \u00ab\u00a0Alors qu&rsquo;il devait effectuer une visite d&rsquo;amiti\u00e9 et de travail \u00e0 Dakar en janvier 2024, un ami commun m&rsquo;a sollicit\u00e9 pour esquisser un projet susceptible de concr\u00e9tiser son r\u00eave d&rsquo;une nouvelle capitale\u00a0\u00bb, relate Atepa dans les colonnes du magazine panafricain.<\/p>\n<p>Le 28 mars 2025, quelques jours avant l&rsquo;\u00e9lection pr\u00e9sidentielle gabonaise, la maquette du projet fait l&rsquo;objet d&rsquo;une pr\u00e9sentation officielle \u00e0 Brice Clotaire Oligui Nguema, marquant une \u00e9tape symbolique dans la concr\u00e9tisation de cette vision urbaine.<\/p>\n<p>Libreville II se veut une \u00ab\u00a0capitale verte et intelligente\u00a0\u00bb structur\u00e9e autour de douze p\u00f4les fondateurs. Le projet inclut notamment un palais pr\u00e9sidentiel, une cit\u00e9 minist\u00e9rielle abritant l&rsquo;Assembl\u00e9e nationale et le S\u00e9nat, une cit\u00e9 des sciences et technologies, ainsi qu&rsquo;une zone franche industrielle.<\/p>\n<p>L&rsquo;un des \u00e9l\u00e9ments les plus spectaculaires du projet reste \u00ab\u00a0Savannah Kingdom\u00a0\u00bb, un parc \u00e0 th\u00e8me inspir\u00e9 des grands parcs de loisirs mondiaux, pr\u00e9sent\u00e9 comme \u00ab\u00a0le Royaume des enfants\u00a0\u00bb qui doit mettre en sc\u00e8ne \u00ab\u00a0la richesse des mythes, de la faune et des cultures africains\u00a0\u00bb.<\/p>\n<p>Le volet r\u00e9sidentiel n&rsquo;est pas en reste avec \u00ab\u00a0Iroko\u00a0\u00bb, baptis\u00e9e la \u00ab\u00a0ville lumi\u00e8re\u00a0\u00bb, qui comprendra des logements modernes autour d&rsquo;un lac artificiel, des villas pavillonnaires et une tour r\u00e9sidentielle de 22 \u00e9tages. Le tout sera reli\u00e9 par \u00ab\u00a0Libreville Express\u00a0\u00bb, un syst\u00e8me de transport multimodal incluant des lignes de bus rapides et une ligne ferroviaire l\u00e9g\u00e8re.<\/p>\n<p><strong>L&rsquo;ombre de l&rsquo;\u00e9chec congolais<\/strong><\/p>\n<p>Cette nouvelle aventure urbaine intervient apr\u00e8s l&rsquo;\u00e9chec cuisant du projet Kitoko en R\u00e9publique d\u00e9mocratique du Congo. En 2020, Atepa avait \u00e9t\u00e9 choisi par F\u00e9lix Tshisekedi pour concevoir une ville nouvelle destin\u00e9e \u00e0 d\u00e9sengorger Kinshasa. Mais le projet a capot\u00e9, comme l&rsquo;explique am\u00e8rement l&rsquo;architecte dans Jeune Afrique : \u00ab\u00a0J&rsquo;avais pr\u00e9venu les autorit\u00e9s congolaises qu&rsquo;il fallait s\u00e9curiser la propri\u00e9t\u00e9 des 30 000 hectares sur lesquels le projet devait \u00eatre construire. Comme elles ne l&rsquo;ont pas fait (&#8230;) tout un tas d&rsquo;affairistes ont acquis des terrains sur le site pr\u00e9vu, dans une logique purement sp\u00e9culative.\u00a0\u00bb<\/p>\n<p>Malgr\u00e9 ce revers, Pierre Goudiaby Atepa compte bien appliquer au Gabon \u00ab\u00a0la recette qui a fait long feu en RDC\u00a0\u00bb : faire bondir la valeur fonci\u00e8re sur le site retenu pour permettre \u00e0 l&rsquo;\u00c9tat de financer progressivement la construction par la vente des terrains.<\/p>\n<p>Le projet, estim\u00e9 \u00e0 3,347 milliards de dollars, devrait voir le jour d&rsquo;ici 2039, soit au terme d&rsquo;un hypoth\u00e9tique second mandat d&rsquo;Oligui Nguema. \u00ab\u00a0Cr\u00e9er une ville nouvelle, cela ne se fait ni en dix ans ni en vingt ans ; c&rsquo;est un processus long et progressif\u00a0\u00bb, temp\u00e8re l&rsquo;architecte s\u00e9n\u00e9galais cit\u00e9 par Jeune Afrique.<\/p>\n<p>Cette approche suscite n\u00e9anmoins des r\u00e9serves chez certains sp\u00e9cialistes de l&rsquo;urbanisme africain. Issa Diabat\u00e9, fondateur du cabinet d&rsquo;architectes Koffi &amp; Diabat\u00e9 \u00e0 Abidjan, estime que \u00ab\u00a0quand les politiques s&rsquo;en m\u00ealent, c&rsquo;est g\u00e9n\u00e9ralement au nom de consid\u00e9rations \u00e9trang\u00e8res \u00e0 l&rsquo;urbanisme\u00a0\u00bb, soulignant le manque d&rsquo;\u00e9tudes pr\u00e9paratoires de ces projets pharaoniques.<\/p>\n<p>Le pr\u00e9c\u00e9dent des capitales alternatives africaines, d&rsquo;Abuja au Nigeria \u00e0 Yamoussoukro en C\u00f4te d&rsquo;Ivoire, illustre les d\u00e9fis colossaux de telles entreprises. Si Abuja a fini par s&rsquo;imposer face \u00e0 Lagos, Yamoussoukro reste largement une \u00ab\u00a0capitale fant\u00f4me\u00a0\u00bb, la majorit\u00e9 des institutions demeurant \u00e0 Abidjan.<\/p>\n<p>Reste \u00e0 savoir si Libreville II parviendra \u00e0 \u00e9chapper \u00e0 ce sort et \u00e0 incarner v\u00e9ritablement, comme l&rsquo;esp\u00e8re son concepteur, \u00ab\u00a0la nouvelle g\u00e9n\u00e9ration de capitales africaines : vertes, intelligentes, inclusives\u00a0\u00bb.<\/p>\n","protected":false},"excerpt":{"rendered":"(SenePlus) &#8211; \u00c0 78 ans, Pierre Goudiaby Atepa n&rsquo;a rien perdu de son ambition de \u00ab\u00a0b\u00e2tisseur\u00a0\u00bb. L&rsquo;architecte s\u00e9n\u00e9galais,&hellip;\n","protected":false},"author":2,"featured_media":376172,"comment_status":"","ping_status":"","sticky":false,"template":"","format":"standard","meta":{"footnotes":""},"categories":[1358],"tags":[1348,1384,1385,1386,58,59,1011,27],"class_list":{"0":"post-376171","1":"post","2":"type-post","3":"status-publish","4":"format-standard","5":"has-post-thumbnail","7":"category-arts-et-design","8":"tag-arts","9":"tag-arts-and-design","10":"tag-arts-et-design","11":"tag-design","12":"tag-divertissement","13":"tag-entertainment","14":"tag-fr","15":"tag-france"},"share_on_mastodon":{"url":"https:\/\/pubeurope.com\/@fr\/115170827529894992","error":""},"_links":{"self":[{"href":"https:\/\/www.europesays.com\/fr\/wp-json\/wp\/v2\/posts\/376171","targetHints":{"allow":["GET"]}}],"collection":[{"href":"https:\/\/www.europesays.com\/fr\/wp-json\/wp\/v2\/posts"}],"about":[{"href":"https:\/\/www.europesays.com\/fr\/wp-json\/wp\/v2\/types\/post"}],"author":[{"embeddable":true,"href":"https:\/\/www.europesays.com\/fr\/wp-json\/wp\/v2\/users\/2"}],"replies":[{"embeddable":true,"href":"https:\/\/www.europesays.com\/fr\/wp-json\/wp\/v2\/comments?post=376171"}],"version-history":[{"count":0,"href":"https:\/\/www.europesays.com\/fr\/wp-json\/wp\/v2\/posts\/376171\/revisions"}],"wp:featuredmedia":[{"embeddable":true,"href":"https:\/\/www.europesays.com\/fr\/wp-json\/wp\/v2\/media\/376172"}],"wp:attachment":[{"href":"https:\/\/www.europesays.com\/fr\/wp-json\/wp\/v2\/media?parent=376171"}],"wp:term":[{"taxonomy":"category","embeddable":true,"href":"https:\/\/www.europesays.com\/fr\/wp-json\/wp\/v2\/categories?post=376171"},{"taxonomy":"post_tag","embeddable":true,"href":"https:\/\/www.europesays.com\/fr\/wp-json\/wp\/v2\/tags?post=376171"}],"curies":[{"name":"wp","href":"https:\/\/api.w.org\/{rel}","templated":true}]}}