{"id":376175,"date":"2025-09-08T21:36:15","date_gmt":"2025-09-08T21:36:15","guid":{"rendered":"https:\/\/www.europesays.com\/fr\/376175\/"},"modified":"2025-09-08T21:36:15","modified_gmt":"2025-09-08T21:36:15","slug":"je-voulais-vous-dire-une-chose-c-a-vous-marque-par-un-changement-de-derniere-minute-un-celebre-acteur-ne-cache-pas-sa-deception-aupres-danne-elisabeth-lemoine","status":"publish","type":"post","link":"https:\/\/www.europesays.com\/fr\/376175\/","title":{"rendered":"\u00ab\u00a0Je voulais vous dire une chose\u00a0\u00bb : C \u00e0 Vous marqu\u00e9 par un changement de derni\u00e8re minute, un c\u00e9l\u00e8bre acteur ne cache pas sa d\u00e9ception aupr\u00e8s d&rsquo;Anne-Elisabeth Lemoine"},"content":{"rendered":"<p>La suite apr\u00e8s la publicit\u00e9<\/p>\n<p>Ce lundi 8 septembre 2025, <a href=\"https:\/\/www.purepeople.com\/people\/anne-elisabeth-lemoine_p2351\" rel=\"nofollow noopener\" target=\"_blank\">Anne-Elisabeth Lemoine <\/a>recevait sur le plateau de C \u00e0 Vous Marine Delterme et Jean-Michel Tinivelli, pour le retour d&rsquo;<a href=\"https:\/\/www.purepeople.com\/article\/retour-dalice-nevers-sur-tf1-voici-pourquoi-les-deux-episodes-diffuses-ce-soir-vont-decevoir-les-fans-de-la-serie_a532083\/1\" rel=\"nofollow noopener\" target=\"_blank\">Alice Nevers<\/a> le 22 septembre \u00e0 21h10 sur TF1, mais aussi Fran\u00e7ois Morel, Olivier Saladin et Olivier Broche pour la pi\u00e8ce Art, \u00e0 d\u00e9couvrir au Th\u00e9\u00e2tre Montparnasse \u00e0 Paris.<\/p>\n<p>Tout se passait alors tr\u00e8s bien, jusqu&rsquo;\u00e0 ce que le trio de com\u00e9diens, et plus particuli\u00e8rement \u00a0Fran\u00e7ois Morel (connu pour La Vie de boh\u00e8me, Les Deschiens et Camille redouble) ne fasse remarquer \u00e0 la maman d&rsquo;<a href=\"https:\/\/www.purepeople.com\/article\/anne-elisabeth-lemoine-avec-ses-2-fils-arthur-et-vasco-elle-a-dejeune-avec-kad-mard-et-sa-femme-julia-vignali-lumineuse-dans-un-ensemble-bleu_a539097\/1\" rel=\"nofollow noopener\" target=\"_blank\">Arthur et Vasco<\/a> qu&rsquo;une s\u00e9quence phare de l&rsquo;\u00e9mission avait \u00e9t\u00e9 retir\u00e9e ce lundi, ce qui les a profond\u00e9ment attrist\u00e9s.<\/p>\n<p>\u00ab\u00a0Dis donc, je voulais vous dire une chose, on est extr\u00eamement d\u00e9\u00e7us. Cela fait deux jours que l&rsquo;on ne mange pas, car on se dit qu&rsquo;on va avoir un repas chaud, et ce soir il n&rsquo;y en a pas ! Il n&rsquo;y a pas de chefs, rien du tout, est ce que vous pouvez faire un panier, quelque chose ? Parce qu&rsquo;on n&rsquo;a rien pr\u00e9vu pour ce soir !\u00a0\u00bb, a-t-il d\u00e9plor\u00e9, bien \u00e9videmment sur le ton de la rigolade.<\/p>\n<p>\u00ab\u00a0Je vais m&rsquo;arranger&#8230;\u00a0\u00bb, avait alors r\u00e9agi <a href=\"https:\/\/www.purepeople.com\/article\/bertrand-chameroy-france-inter-le-complice-danne-elisabeth-lemoine-presente-ses-excuses-a-ses-proches-et-amis_a541753\/1\" rel=\"nofollow noopener\" target=\"_blank\">l&rsquo;acolyte de Bertrand Chameroy<\/a> en plein milieu de la plainte de son invit\u00e9, avant de plus ou moins retourner la situation en regrettant le fait que l&rsquo;acteur ne soit venu \u00ab\u00a0qu&rsquo;uniquement pour \u00e7a\u00a0\u00bb. Et d&rsquo;ajouter : \u00ab\u00a0J&rsquo;\u00e9tais sur le point de vous faire un compliment !\u00a0\u00bb<\/p>\n<p>\u00ab\u00a0Il nous a pos\u00e9 un lapin\u00a0\u00bb : Anne-Elisabeth Lemoine d\u00e9j\u00e0 oblig\u00e9e de composer sans chef dans C \u00e0 Vous en 2024<\/p>\n<p>Une s\u00e9quence tr\u00e8s dr\u00f4le, m\u00eame s&rsquo;il n&rsquo;y avait effectivement aucune s\u00e9quence cuisine de pr\u00e9vue ce soir dans l&rsquo;\u00e9mission, ce qui est suffisamment rare pour \u00eatre soulign\u00e9. Et il est vrai que les invit\u00e9s s&rsquo;attendent g\u00e9n\u00e9ralement \u00e0 pouvoir manger sur le plateau, ce qui n&rsquo;\u00e9tait donc pas possible ce lundi.<\/p>\n<p>A noter malgr\u00e9 tout que ce n&rsquo;est pas la premi\u00e8re fois que cela arrive. En mai 2024, Anne-Elisabeth Lemoine avait \u00e9t\u00e9 contrainte de proposer un \u00ab\u00a0diner froid\u00a0\u00bb \u00e0 Nikos Aliagas, Jean Reno et \u00c9velyne Bouix, \u00ab\u00a0faute de chef : il nous a pos\u00e9 un lapin\u00a0\u00bb. Mais ce contretemps n&rsquo;avait cependant pas emp\u00each\u00e9 toute la table de passer un bon moment tous ensemble.<\/p>\n<p>\u00a0<\/p>\n","protected":false},"excerpt":{"rendered":"La suite apr\u00e8s la publicit\u00e9 Ce lundi 8 septembre 2025, Anne-Elisabeth Lemoine recevait sur le plateau de C&hellip;\n","protected":false},"author":2,"featured_media":376176,"comment_status":"","ping_status":"","sticky":false,"template":"","format":"standard","meta":{"footnotes":""},"categories":[1356],"tags":[58,59,1011,27,252,1364],"class_list":{"0":"post-376175","1":"post","2":"type-post","3":"status-publish","4":"format-standard","5":"has-post-thumbnail","7":"category-television","8":"tag-divertissement","9":"tag-entertainment","10":"tag-fr","11":"tag-france","12":"tag-television","13":"tag-tv"},"share_on_mastodon":{"url":"https:\/\/pubeurope.com\/@fr\/115170835556268520","error":""},"_links":{"self":[{"href":"https:\/\/www.europesays.com\/fr\/wp-json\/wp\/v2\/posts\/376175","targetHints":{"allow":["GET"]}}],"collection":[{"href":"https:\/\/www.europesays.com\/fr\/wp-json\/wp\/v2\/posts"}],"about":[{"href":"https:\/\/www.europesays.com\/fr\/wp-json\/wp\/v2\/types\/post"}],"author":[{"embeddable":true,"href":"https:\/\/www.europesays.com\/fr\/wp-json\/wp\/v2\/users\/2"}],"replies":[{"embeddable":true,"href":"https:\/\/www.europesays.com\/fr\/wp-json\/wp\/v2\/comments?post=376175"}],"version-history":[{"count":0,"href":"https:\/\/www.europesays.com\/fr\/wp-json\/wp\/v2\/posts\/376175\/revisions"}],"wp:featuredmedia":[{"embeddable":true,"href":"https:\/\/www.europesays.com\/fr\/wp-json\/wp\/v2\/media\/376176"}],"wp:attachment":[{"href":"https:\/\/www.europesays.com\/fr\/wp-json\/wp\/v2\/media?parent=376175"}],"wp:term":[{"taxonomy":"category","embeddable":true,"href":"https:\/\/www.europesays.com\/fr\/wp-json\/wp\/v2\/categories?post=376175"},{"taxonomy":"post_tag","embeddable":true,"href":"https:\/\/www.europesays.com\/fr\/wp-json\/wp\/v2\/tags?post=376175"}],"curies":[{"name":"wp","href":"https:\/\/api.w.org\/{rel}","templated":true}]}}