{"id":376179,"date":"2025-09-08T21:38:11","date_gmt":"2025-09-08T21:38:11","guid":{"rendered":"https:\/\/www.europesays.com\/fr\/376179\/"},"modified":"2025-09-08T21:38:11","modified_gmt":"2025-09-08T21:38:11","slug":"christian-clavier-comme-vous-ne-lavez-jamais-vu-dans-la-vis-comica","status":"publish","type":"post","link":"https:\/\/www.europesays.com\/fr\/376179\/","title":{"rendered":"Christian Clavier comme vous ne l&rsquo;avez jamais vu dans \u00ab La Vis Comica \u00bb"},"content":{"rendered":"<p class=\"intro\">La bande-annonce du jour : \u00ab Christian Clavier : La Vis Comica \u00bb, de David Serero, avec Christian Clavier, Jean Reno, Didier Bourdon, Philippe Lacheau, Jean-Marie Poir\u00e9, Thierry Lhermitte, G\u00e9rard Jugnot, Alain Chabat et bien d\u2019autres. Sortie dans les salles le 17 septembre. <\/p>\n<p>Le synopsis :\u00a0 L\u2019univers de l\u2019un des com\u00e9diens fran\u00e7ais les plus embl\u00e9matiques : Christian Clavier. L&rsquo;acteur se confie sur sa carri\u00e8re prolifique en tant qu\u2019acteur, sc\u00e9nariste et producteur, partageant son travail, son parcours, et ses r\u00e9flexions sur l\u2019art de la com\u00e9die.<\/p>\n","protected":false},"excerpt":{"rendered":"La bande-annonce du jour : \u00ab Christian Clavier : La Vis Comica \u00bb, de David Serero, avec Christian&hellip;\n","protected":false},"author":2,"featured_media":376180,"comment_status":"","ping_status":"","sticky":false,"template":"","format":"standard","meta":{"footnotes":""},"categories":[1354],"tags":[58,59,1346,1011,27,1360],"class_list":{"0":"post-376179","1":"post","2":"type-post","3":"status-publish","4":"format-standard","5":"has-post-thumbnail","7":"category-films","8":"tag-divertissement","9":"tag-entertainment","10":"tag-films","11":"tag-fr","12":"tag-france","13":"tag-movies"},"share_on_mastodon":{"url":"https:\/\/pubeurope.com\/@fr\/115170843386700031","error":""},"_links":{"self":[{"href":"https:\/\/www.europesays.com\/fr\/wp-json\/wp\/v2\/posts\/376179","targetHints":{"allow":["GET"]}}],"collection":[{"href":"https:\/\/www.europesays.com\/fr\/wp-json\/wp\/v2\/posts"}],"about":[{"href":"https:\/\/www.europesays.com\/fr\/wp-json\/wp\/v2\/types\/post"}],"author":[{"embeddable":true,"href":"https:\/\/www.europesays.com\/fr\/wp-json\/wp\/v2\/users\/2"}],"replies":[{"embeddable":true,"href":"https:\/\/www.europesays.com\/fr\/wp-json\/wp\/v2\/comments?post=376179"}],"version-history":[{"count":0,"href":"https:\/\/www.europesays.com\/fr\/wp-json\/wp\/v2\/posts\/376179\/revisions"}],"wp:featuredmedia":[{"embeddable":true,"href":"https:\/\/www.europesays.com\/fr\/wp-json\/wp\/v2\/media\/376180"}],"wp:attachment":[{"href":"https:\/\/www.europesays.com\/fr\/wp-json\/wp\/v2\/media?parent=376179"}],"wp:term":[{"taxonomy":"category","embeddable":true,"href":"https:\/\/www.europesays.com\/fr\/wp-json\/wp\/v2\/categories?post=376179"},{"taxonomy":"post_tag","embeddable":true,"href":"https:\/\/www.europesays.com\/fr\/wp-json\/wp\/v2\/tags?post=376179"}],"curies":[{"name":"wp","href":"https:\/\/api.w.org\/{rel}","templated":true}]}}