{"id":376181,"date":"2025-09-08T21:39:10","date_gmt":"2025-09-08T21:39:10","guid":{"rendered":"https:\/\/www.europesays.com\/fr\/376181\/"},"modified":"2025-09-08T21:39:10","modified_gmt":"2025-09-08T21:39:10","slug":"une-commune-en-alerte-pres-de-toulouse","status":"publish","type":"post","link":"https:\/\/www.europesays.com\/fr\/376181\/","title":{"rendered":"une commune en alerte pr\u00e8s de Toulouse"},"content":{"rendered":"<p>            Par<br \/>\n        <strong><br \/>\n            <a href=\"https:\/\/actu.fr\/auteur\/mareva-laville-actu-fr\" title=\"Consulter tous les articles de Mar\u00e9va Laville\" rel=\"nofollow noopener\" target=\"_blank\">Mar\u00e9va Laville<\/a><br \/>\n        <\/strong><\/p>\n<p>        Publi\u00e9 le<\/p>\n<p>            8 sept. 2025 \u00e0 20h30        <\/p>\n<p>Les<strong> moustiques tigres<\/strong> n\u2019ont pas quitt\u00e9 le secteur, loin de l\u00e0. L\u2019Agence r\u00e9gionale de sant\u00e9 d\u2019Occitanie vient d\u2019alerter, ce lundi 8\u00a0septembre 2025, sur un <strong>cas de transmission du virus de la dengue<\/strong> chez une personne n\u2019ayant pas voyag\u00e9 r\u00e9cemment en zone tropicale, en <a href=\"https:\/\/actu.fr\/occitanie\/haute-garonne_31\" rel=\"nofollow noopener\" target=\"_blank\">Haute-Garonne.<\/a><\/p>\n<p class=\" wall-content\">\u00ab\u2009Il s\u2019agit du premier <strong>cas autochtone* de dengue<\/strong> d\u00e9tect\u00e9 dans le d\u00e9partement et du quatri\u00e8me cas au niveau r\u00e9gional\u2009\u00bb, indique l\u2019<strong>ARS d\u2019Occitanie<\/strong> qui pr\u00e9cise toutefois que l\u2019\u00e9tat de sant\u00e9 de la personne touch\u00e9e \u00ab\u2009n\u2019inspire pas d\u2019inqui\u00e9tude\u2009\u00bb.<\/p>\n<p class=\" wall-content\">La dengue, aussi appel\u00e9e \u00ab\u2009grippe tropicale\u2009\u00bb, est une maladie infectieuse caus\u00e9e par un virus transmis \u00e0 l\u2019humain par la piq\u00fbre d\u2019un moustique tigre (Aedes albopictus) infect\u00e9. Les sympt\u00f4mes sont le plus souvent similaires \u00e0 un \u00e9tat grippal (fi\u00e8vre, maux de t\u00eate, courbatures).<\/p>\n<p>Des actions d\u00e9ploy\u00e9es \u00e0 Fonsorbes<\/p>\n<p class=\" wall-content\">En revanche, l\u2019ARS veille \u00e0 \u00e9viter la <strong>propagation du virus<\/strong> localement, au sud-ouest de Toulouse. \u00ab\u2009Des actions pr\u00e9ventives sont d\u00e9ploy\u00e9es sur les lieux fr\u00e9quent\u00e9s par la personne malade \u00e0 <strong>Fonsorbes<\/strong>, dans le quartier Call\u00e9ou\u2009\u00bb, et autour de ces zones potentielles de transmission.<\/p>\n<p class=\" wall-content\">Les personnes ayant fr\u00e9quent\u00e9 ce quartier de Fonsorbes pr\u00e9sentant des signes \u00e9vocateurs de la dengue (fi\u00e8vre, maux de t\u00eate, courbatures) depuis d\u00e9but ao\u00fbt, sont invit\u00e9es \u00e0 consulter leur <strong>m\u00e9decin traitant.<\/strong> \u00ab\u2009Il est \u00e9galement conseill\u00e9 de se prot\u00e9ger des piq\u00fbres de moustiques en utilisant un r\u00e9pulsif cutan\u00e9 et des moustiquaires pour les b\u00e9b\u00e9s et les personnes alit\u00e9es\u2009\u00bb, souligne l\u2019<a href=\"https:\/\/actu.fr\/occitanie\/toulouse_31555\/covid-19-l-ars-previent-une-urgence-sanitaire-se-profile-a-toulouse-et-en-occitanie_46873632.html\" rel=\"nofollow noopener\" target=\"_blank\">ARS Occitanie.<\/a><\/p>\n<p>Vid\u00e9os : en ce moment sur Actu<br \/>\n    <a href=\"https:\/\/www.google.com\/maps\/embed?pb=!1m18!1m12!1m3!1d3118.0952552778917!2d1.2274569119762617!3d43.54099167098723!2m3!1f0!2f0!3f0!3m2!1i1024!2i768!4f13.1!3m3!1m2!1s0x12aeb4bd954e062f%3A0x18c3c298f8aa73c!2sChem.%20de%20Call%C3%A9ou%2C%2031470%20Fonsorbes!5e1!3m2!1sfr!2sfr!4v1757354972472!5m2!1sfr!2sfr\" title=\"Ouvrie le lien\" rel=\"nofollow noopener\" target=\"_blank\">Cliquez ici pour visualiser le contenu<\/a><\/p>\n<p>Une enqu\u00eate en cours<\/p>\n<p class=\" wall-content\">Des investigations ont \u00e9galement \u00e9t\u00e9 entreprises pour s\u2019assurer de l\u2019absence d\u2019autres cas. Des enqu\u00eates entomologiques ont \u00e9t\u00e9 r\u00e9alis\u00e9es pour v\u00e9rifier la pr\u00e9sence de moustiques tigre autour des lieux de passage de la personne malade.<\/p>\n<p>Votre r\u00e9gion, votre actu !<\/p>\n<p>Recevez chaque jour les infos qui comptent pour vous.<\/p>\n<p>\t<a href=\"https:\/\/actu.fr\/newsletter\" class=\"ac-btn ac-btn--corner ac-btn--medium ac-btn--blue800\" rel=\"nofollow noopener\" target=\"_blank\">S&rsquo;incrire<\/a><\/p>\n<p class=\" wall-content\"><strong>\u00ab\u00a0D\u2019autres lieux pourraient faire l\u2019objet d\u2019actions<\/strong> de pr\u00e9vention en fonction de l\u2019\u00e9volution<br \/>de l\u2019enqu\u00eate en cours\u00a0\u00bb, d\u00e9clare l\u2019ARS qui collabore avec les services de l\u2019\u00c9tat, Sant\u00e9 publique France et<strong> Altopictus, l\u2019op\u00e9rateur de d\u00e9moustication de l\u2019ARS<\/strong>, en lien avec les professionnels de sant\u00e9 du territoire.<\/p>\n<p class=\" wall-content\">Ces op\u00e9rations se traduisent par des <strong>d\u00e9moustications<\/strong>, visant \u00e0 \u00e9liminer les g\u00eetes larvaires et les moustiques adultes dans les secteurs concern\u00e9s. Les riverains sont inform\u00e9s en amont de ces interventions. \u00c0 ces op\u00e9rations, s\u2019associe une forte sensibilisation de la population et des professionnels de sant\u00e9 autour des zones concern\u00e9es.<\/p>\n<p class=\" wall-content\">*On parle de cas autochtone lorsqu\u2019une personne contracte la maladie sans avoir s\u00e9journ\u00e9 dans une zone o\u00f9 circule activement le virus dans les deux semaines pr\u00e9c\u00e9dant le d\u00e9but des sympt\u00f4mes.<\/p>\n<p>4 cas autochtones de dengue en Occitanie<\/p>\n<p>Depuis le 1er mai en Occitanie, l&rsquo;ARS a recens\u00e9 83 cas import\u00e9s de dengue, 96 cas import\u00e9s de chikungunya et 1 cas import\u00e9 de Zika. Au total, 40 cas autochtones de chikungunya et 4 cas autochtones de dengue ont \u00e9t\u00e9 confirm\u00e9s.\u00a0<\/p>\n<p class=\" wall-content\">Personnalisez votre actualit\u00e9 en ajoutant vos villes et m\u00e9dias en favori avec <a href=\"https:\/\/moncompte.actu.fr\" title=\"D\u00e9couvez Mon Actu\" rel=\"nofollow noopener\" data-trk=\"{&quot;cta&quot;:{&quot;action&quot;:&quot;https:\\\/\\\/moncompte.actu.fr&quot;,&quot;category&quot;:&quot;mon compte&quot;,&quot;from&quot;:&quot;article footer&quot;,&quot;name&quot;:&quot;Mon actu&quot;,&quot;type&quot;:&quot;cta&quot;}}\" target=\"_blank\">Mon Actu<\/a>.<\/p>\n","protected":false},"excerpt":{"rendered":"Par Mar\u00e9va Laville Publi\u00e9 le 8 sept. 2025 \u00e0 20h30 Les moustiques tigres n\u2019ont pas quitt\u00e9 le secteur,&hellip;\n","protected":false},"author":2,"featured_media":376182,"comment_status":"","ping_status":"","sticky":false,"template":"","format":"standard","meta":{"footnotes":""},"categories":[10],"tags":[1011,27,72,2856,71,104],"class_list":{"0":"post-376181","1":"post","2":"type-post","3":"status-publish","4":"format-standard","5":"has-post-thumbnail","7":"category-sante","8":"tag-fr","9":"tag-france","10":"tag-health","11":"tag-moustique-tigre","12":"tag-sante","13":"tag-societe"},"share_on_mastodon":{"url":"https:\/\/pubeurope.com\/@fr\/115170847270186394","error":""},"_links":{"self":[{"href":"https:\/\/www.europesays.com\/fr\/wp-json\/wp\/v2\/posts\/376181","targetHints":{"allow":["GET"]}}],"collection":[{"href":"https:\/\/www.europesays.com\/fr\/wp-json\/wp\/v2\/posts"}],"about":[{"href":"https:\/\/www.europesays.com\/fr\/wp-json\/wp\/v2\/types\/post"}],"author":[{"embeddable":true,"href":"https:\/\/www.europesays.com\/fr\/wp-json\/wp\/v2\/users\/2"}],"replies":[{"embeddable":true,"href":"https:\/\/www.europesays.com\/fr\/wp-json\/wp\/v2\/comments?post=376181"}],"version-history":[{"count":0,"href":"https:\/\/www.europesays.com\/fr\/wp-json\/wp\/v2\/posts\/376181\/revisions"}],"wp:featuredmedia":[{"embeddable":true,"href":"https:\/\/www.europesays.com\/fr\/wp-json\/wp\/v2\/media\/376182"}],"wp:attachment":[{"href":"https:\/\/www.europesays.com\/fr\/wp-json\/wp\/v2\/media?parent=376181"}],"wp:term":[{"taxonomy":"category","embeddable":true,"href":"https:\/\/www.europesays.com\/fr\/wp-json\/wp\/v2\/categories?post=376181"},{"taxonomy":"post_tag","embeddable":true,"href":"https:\/\/www.europesays.com\/fr\/wp-json\/wp\/v2\/tags?post=376181"}],"curies":[{"name":"wp","href":"https:\/\/api.w.org\/{rel}","templated":true}]}}