{"id":376184,"date":"2025-09-08T21:41:10","date_gmt":"2025-09-08T21:41:10","guid":{"rendered":"https:\/\/www.europesays.com\/fr\/376184\/"},"modified":"2025-09-08T21:41:10","modified_gmt":"2025-09-08T21:41:10","slug":"giorgio-armani-plonge-milan-dans-le-deuil","status":"publish","type":"post","link":"https:\/\/www.europesays.com\/fr\/376184\/","title":{"rendered":"Giorgio Armani plonge Milan dans le deuil"},"content":{"rendered":"<p>\u00c0 peine trente personnes ont assist\u00e9, ce lundi 8\u00a0septembre, aux fun\u00e9railles de <a href=\"https:\/\/www.parismatch.com\/bio\/giorgio-armani\" target=\"_blank\" rel=\"nofollow noopener\">Giorgio Armani<\/a>. En petit comit\u00e9 selon sa volont\u00e9, la c\u00e9r\u00e9monie s\u2019est d\u00e9roul\u00e9e entre les murs de la petite \u00e9glise de San Martino, \u00e0 Rivalta. Peupl\u00e9 d\u2019\u00e0 peine cent habitants, ce village m\u00e9di\u00e9val de la commune de Plaisance a vu na\u00eetre le couturier, en 1934.<\/p>\n<p>Au milieu de l\u2019apr\u00e8s-midi, le corps de Giorgio Armani a \u00e9t\u00e9 inhum\u00e9 dans la chapelle o\u00f9 reposent d\u00e9j\u00e0 son p\u00e8re Ugo, sa m\u00e8re Maria et son fr\u00e8re Sergio. Dans un souci de respect pour la famille, l\u2019Association des ch\u00e2teaux du Duch\u00e9 de Parme, Plaisance et Pontremoli a indiqu\u00e9 sur Facebook, la fermeture des routes avoisinantes \u00ab\u00a0pour des raisons de s\u00e9curit\u00e9 afin de garantir la confidentialit\u00e9 des fun\u00e9railles.\u00a0\u00bb<\/p>\n<p>    La suite apr\u00e8s cette publicit\u00e9<\/p>\n<p>Parmi les invit\u00e9s tri\u00e9s sur le volet, sa s\u0153ur Rosanna, son compagnon Pantaleo Dell\u2019Orco et son neveu Andrea ont \u00e9t\u00e9 aper\u00e7us. Ce dernier est d\u2019ailleurs l\u2019un des <a href=\"https:\/\/www.parismatch.com\/People\/a-qui-giorgio-armani-va-t-il-leguer-sa-richesse-et-son-lucratif-empire-256564\" target=\"_blank\" rel=\"nofollow noopener\">h\u00e9ritiers de l\u2019empire lucratif de Giorgio Armani<\/a>, tout comme Silvana et Roberta (les ni\u00e8ces du styliste), charg\u00e9es du vestiaire f\u00e9minin et des relations publiques.<\/p>\n<p>    La suite apr\u00e8s cette publicit\u00e9<\/p>\n<p>Milan dans le silence<\/p>\n<p>Sur les coups de 15h00, les magasins du groupe Giorgio Armani ont affich\u00e9 porte close et vitrines \u00e9teintes. D\u2019apr\u00e8s les informations rapport\u00e9es par l\u2019AFP, <a href=\"https:\/\/www.parismatch.com\/vivre\/mode\/en-images-milan-rend-hommage-a-giorgio-armani-256651\" target=\"_blank\" rel=\"nofollow noopener\">le maire de Milan (Giuseppe Sala) a d\u00e9cr\u00e9t\u00e9 une journ\u00e9e de deuil<\/a>, \u00e0 l\u2019instar de la maire de Plaisance, Katia Tarasconi. Les drapeaux du Palazzo Marino (l\u2019h\u00f4tel de ville de Milan), ont \u00e9t\u00e9 mis en berne, tout comme ceux de la place de la Cath\u00e9drale.<\/p>\n<p>Au micro de l\u2019AFP, une habitante de Plaisance a d\u00e9clar\u00e9 avec \u00e9motion\u00a0: \u00ab\u00a0Je trouve tr\u00e8s \u00e9mouvant que sa vie, qui \u00e9tait si importante pour tout le monde, s\u2019ach\u00e8ve ici, <a href=\"https:\/\/www.parismatch.com\/vivre\/mode\/le-styliste-italien-giorgio-armani-est-mort-256556\" target=\"_blank\" rel=\"nofollow noopener\">l\u00e0 o\u00f9 tout a commenc\u00e9, dans le village qu\u2019il aimait tant<\/a>. J\u2019aime me souvenir de lui ainsi, qu\u2019il reste ici avec nous.\u00a0\u00bb<\/p>\n","protected":false},"excerpt":{"rendered":"\u00c0 peine trente personnes ont assist\u00e9, ce lundi 8\u00a0septembre, aux fun\u00e9railles de Giorgio Armani. En petit comit\u00e9 selon&hellip;\n","protected":false},"author":2,"featured_media":376185,"comment_status":"","ping_status":"","sticky":false,"template":"","format":"standard","meta":{"footnotes":""},"categories":[8],"tags":[58,59,1011,27],"class_list":{"0":"post-376184","1":"post","2":"type-post","3":"status-publish","4":"format-standard","5":"has-post-thumbnail","7":"category-divertissement","8":"tag-divertissement","9":"tag-entertainment","10":"tag-fr","11":"tag-france"},"share_on_mastodon":{"url":"https:\/\/pubeurope.com\/@fr\/115170855122075130","error":""},"_links":{"self":[{"href":"https:\/\/www.europesays.com\/fr\/wp-json\/wp\/v2\/posts\/376184","targetHints":{"allow":["GET"]}}],"collection":[{"href":"https:\/\/www.europesays.com\/fr\/wp-json\/wp\/v2\/posts"}],"about":[{"href":"https:\/\/www.europesays.com\/fr\/wp-json\/wp\/v2\/types\/post"}],"author":[{"embeddable":true,"href":"https:\/\/www.europesays.com\/fr\/wp-json\/wp\/v2\/users\/2"}],"replies":[{"embeddable":true,"href":"https:\/\/www.europesays.com\/fr\/wp-json\/wp\/v2\/comments?post=376184"}],"version-history":[{"count":0,"href":"https:\/\/www.europesays.com\/fr\/wp-json\/wp\/v2\/posts\/376184\/revisions"}],"wp:featuredmedia":[{"embeddable":true,"href":"https:\/\/www.europesays.com\/fr\/wp-json\/wp\/v2\/media\/376185"}],"wp:attachment":[{"href":"https:\/\/www.europesays.com\/fr\/wp-json\/wp\/v2\/media?parent=376184"}],"wp:term":[{"taxonomy":"category","embeddable":true,"href":"https:\/\/www.europesays.com\/fr\/wp-json\/wp\/v2\/categories?post=376184"},{"taxonomy":"post_tag","embeddable":true,"href":"https:\/\/www.europesays.com\/fr\/wp-json\/wp\/v2\/tags?post=376184"}],"curies":[{"name":"wp","href":"https:\/\/api.w.org\/{rel}","templated":true}]}}