{"id":376188,"date":"2025-09-08T21:43:14","date_gmt":"2025-09-08T21:43:14","guid":{"rendered":"https:\/\/www.europesays.com\/fr\/376188\/"},"modified":"2025-09-08T21:43:14","modified_gmt":"2025-09-08T21:43:14","slug":"jai-ete-facteur-toute-ma-vie-pour-la-poste-a-62-ans-voici-a-combien-seleve-ma-pension-de-retraite","status":"publish","type":"post","link":"https:\/\/www.europesays.com\/fr\/376188\/","title":{"rendered":"J&rsquo;ai \u00e9t\u00e9 facteur toute ma vie pour La Poste, \u00e0 62 ans voici \u00e0 combien s&rsquo;\u00e9l\u00e8ve ma pension de retraite"},"content":{"rendered":"<p>C\u2019est une bonne situation, \u00e7a, facteur ? Pour avoir une r\u00e9ponse<br \/>\npersonnalis\u00e9e, ne manquez pas d\u2019interroger le v\u00f4tre quand il<br \/>\npassera pr\u00e8s de la bo\u00eete aux lettres. Si l&rsquo;aventure vous tente, La<br \/>\nPoste a <strong>de nombreux postes \u00e0 pourvoir<\/strong>.<br \/>\nR\u00e9guli\u00e8rement, le groupe propose <a href=\"https:\/\/www.mariefrance.fr\/actualite\/societe\/enseigne-discount-concurrente-daction-noz-ouvre-nouveau-magasin-recrute-cdi-1123433.html\" rel=\"nofollow noopener\" target=\"_blank\"><br \/>\ndes offres d&#8217;emploi en CDI<\/a>, CDD, alternance et stage, dans<br \/>\ntoutes les r\u00e9gions de France et d&rsquo;Outre-mer.<\/p>\n<p>Organisation, autonomie et sens du service, voil\u00e0 ce que<br \/>\nl\u2019op\u00e9rateur de services postaux demande aux candidats pr\u00eats \u00e0<br \/>\npartir en tourn\u00e9e. Aujourd\u2019hui, le facteur ne se contente plus de<br \/>\ndistribuer le courrier (qu&rsquo;il soit <a href=\"https:\/\/www.mariefrance.fr\/actualite\/societe\/la-poste-revend-velos-electriques-facteur-reconditionnes-petit-prix-voici-quels-bureaux-acheter-1169690.html?mrfhud=true\" rel=\"nofollow noopener\" target=\"_blank\"><br \/>\n\u00e0 v\u00e9lo<\/a> ou en voiture). Il s\u2019occupe aussi des colis, un secteur<br \/>\nen plein essor avec <strong>le d\u00e9veloppement du commerce en<br \/>\nligne<\/strong>. Il veille \u00e9galement \u00e0 maintenir une relation client<br \/>\nde qualit\u00e9, utilise des outils num\u00e9riques pour suivre les<br \/>\nlivraisons et vient parfois cr\u00e9er du lien social, surtout en milieu<br \/>\nrural.<\/p>\n<p>Marianne a travaill\u00e9 \u00e0 La Poste toute sa vie<\/p>\n<p>\u00c0 noter que les fonctionnaires rel\u00e8vent du r\u00e9gime de la fonction<br \/>\npublique, tandis que les contractuels cotisent au r\u00e9gime g\u00e9n\u00e9ral. \u00c0<br \/>\nl\u2019heure de la retraite, <strong>l\u2019\u00e2ge de d\u00e9part<\/strong> varie<br \/>\nselon la cat\u00e9gorie et l\u2019ann\u00e9e de naissance.<\/p>\n<p>Une illustration avec un cas concret, c\u2019est toujours mieux.<br \/>\nPendant plus de 40 ans, Marianne, aujourd\u2019hui retrait\u00e9e, a<br \/>\ndistribu\u00e9 le courrier \u00e0 v\u00e9lo aux usagers dans de petites communes<br \/>\nd\u2019Ille-et-Vilaine. Le Figaro Emploi est all\u00e9 l\u2019interroger<br \/>\nsur son parcours ainsi que <strong>le montant de sa<br \/>\npension<\/strong>.<\/p>\n<p><img loading=\"lazy\" decoding=\"async\" aria-describedby=\"caption-attachment-1018847\" itemprop=\"thumbnailUrl\" class=\"size-medium wp-image-1018847 img-responsive\" src=\"https:\/\/www.europesays.com\/fr\/wp-content\/uploads\/2025\/09\/copie-de-copie-de-t-1-4-680x357.jpg\" alt=\"La Poste, soci\u00e9t\u00e9 embl\u00e9matique fran\u00e7aise.\" width=\"680\" height=\"357\"\/> \u00a9 Shutterstock<\/p>\n<p id=\"caption-attachment-1018847\" class=\"wp-caption-text\">\u00c0<br \/>\nl\u2019heure de la retraite, l\u2019\u00e2ge de d\u00e9part varie selon la cat\u00e9gorie et<br \/>\nl\u2019ann\u00e9e de naissance.<\/p>\n<p>La Poste est aujourd&rsquo;hui une soci\u00e9t\u00e9 anonyme \u00e0 capitaux<br \/>\npublics<\/p>\n<p>Marianne, arriv\u00e9e en 1979, \u00e9tait fonctionnaire titulaire et<br \/>\nrel\u00e8ve donc du r\u00e9gime de la fonction publique d\u2019\u00c9tat ainsi que du<br \/>\nRAFP (Retraite additionnelle de la fonction publique). Selon un<br \/>\nbilan social de <a href=\"https:\/\/www.mariefrance.fr\/actualite\/societe\/la-poste-fin-distribution-quotidienne-voici-pourquoi-pourriez-voir-facteur-moins-souvent-1132651.html\" rel=\"nofollow noopener\" target=\"_blank\"><br \/>\nLa Poste<\/a>, en 2020, les fonctionnaires repr\u00e9sentaient encore<br \/>\npr\u00e8s de <strong>la moiti\u00e9 des effectifs<\/strong>.<\/p>\n<p>Au cours de sa carri\u00e8re, Marianne n\u2019aura travaill\u00e9 que pour deux<br \/>\nemployeurs. \u00ab\u00a0Avant de rejoindre La Poste, j&rsquo;ai travaill\u00e9 dans<br \/>\nle domaine agricole, au sein d&rsquo;une exploitation de vaches laiti\u00e8res<br \/>\nque mes parents connaissaient. Puis, lorsque je me suis mari\u00e9e, \u00e0<br \/>\nl&rsquo;\u00e2ge de 20 ans, j&rsquo;ai quitt\u00e9 la Mayenne pour m&rsquo;installer en<br \/>\nBretagne, en Ille-et-Vilaine. C&rsquo;est \u00e0 partir de ce moment que j&rsquo;ai<br \/>\nint\u00e9gr\u00e9 La Poste \u2013 <strong>on disait les &lsquo;PTT&rsquo;<br \/>\navant<\/strong>\u00ab\u00a0, explique l\u2019ancienne factrice.<\/p>\n<p><img loading=\"lazy\" decoding=\"async\" aria-describedby=\"caption-attachment-1132652\" class=\"size-medium wp-image-1132652 img-responsive\" src=\"https:\/\/www.europesays.com\/fr\/wp-content\/uploads\/2025\/09\/mf-2-2-680x383.jpg\" alt=\"facteur de dos\" width=\"680\" height=\"383\"\/> \u00a9<br \/>\nshutterstock<\/p>\n<p id=\"caption-attachment-1132652\" class=\"wp-caption-text\">Les<br \/>\nfonctionnaires repr\u00e9sentent encore pr\u00e8s de la moiti\u00e9 des<br \/>\neffectifs.<\/p>\n<p>La retrait\u00e9e de La Poste touche une<br \/>\npension de 1 240 euros nets par mois<\/p>\n<p>\u00ab\u00a0J&rsquo;ai d\u00e9but\u00e9 en tant que factrice \u00e0 21 ans. C&rsquo;est un m\u00e9tier<br \/>\nque j&rsquo;ai finalement occup\u00e9 toute ma vie, jusqu&rsquo;\u00e0 mon d\u00e9part \u00e0 la<br \/>\nretraite. Ce que j&rsquo;aimais, c&rsquo;\u00e9tait \u00eatre au plus proche des usagers.<br \/>\nIls me connaissaient bien puisque je faisais toujours les m\u00eames<br \/>\ntourn\u00e9es, le plus souvent \u00e0 v\u00e9lo, du lundi au samedi, quelle que<br \/>\nsoit la m\u00e9t\u00e9o\u00a0\u00bb, poursuit-elle. C\u2019est en 2020, \u00e0 l\u2019\u00e2ge de 62<br \/>\nans, apr\u00e8s 41 ans pass\u00e9s au sein du groupe, que Marianne a effectu\u00e9<br \/>\n<strong>son ultime tourn\u00e9e<\/strong>.<\/p>\n<blockquote class=\"instagram-media\" style=\"background: #ffffff;border: 0;margin: 1px;width: 100%;padding: 0;max-width: 500px;\" data-instgrm-permalink=\"https:\/\/www.instagram.com\/p\/DG76ANDCe_Y\/?hl=fr&amp;img_index=1\" data-instgrm-version=\"14\"\/>\n<p>La sexag\u00e9naire touche une pension de <strong>1 240 euros nets<br \/>\npar mois<\/strong>. Comme <a href=\"https:\/\/www.mariefrance.fr\/actualite\/societe\/fonctionnaire-vie-combien-touche-retraite-aujourdhui-1135404.html\" rel=\"nofollow noopener\" target=\"_blank\"><br \/>\ntous les anciens fonctionnaires<\/a>, sa retraite a \u00e9t\u00e9 calcul\u00e9e sur<br \/>\nla base de son salaire des six derniers mois. Avant de partir,<br \/>\nl&rsquo;ancienne posti\u00e8re touchait environ 1 610 euros nets par mois. \u00c0<br \/>\ncette pension de retraite, il faut ajouter quelques avantages en<br \/>\nnature : abonnement t\u00e9l\u00e9phonique offert, carte bancaire gratuite de<br \/>\nla Banque Postale et frais de d\u00e9couvert r\u00e9duits.<\/p>\n<p><script async src=\"\/\/www.instagram.com\/embed.js\"><\/script><\/p>\n","protected":false},"excerpt":{"rendered":"C\u2019est une bonne situation, \u00e7a, facteur ? Pour avoir une r\u00e9ponse personnalis\u00e9e, ne manquez pas d\u2019interroger le v\u00f4tre&hellip;\n","protected":false},"author":2,"featured_media":376189,"comment_status":"","ping_status":"","sticky":false,"template":"","format":"standard","meta":{"footnotes":""},"categories":[6],"tags":[35,33,34,1011,27,6055],"class_list":{"0":"post-376188","1":"post","2":"type-post","3":"status-publish","4":"format-standard","5":"has-post-thumbnail","7":"category-economie","8":"tag-business","9":"tag-economie","10":"tag-economy","11":"tag-fr","12":"tag-france","13":"tag-republishing"},"share_on_mastodon":{"url":"https:\/\/pubeurope.com\/@fr\/115170863481902396","error":""},"_links":{"self":[{"href":"https:\/\/www.europesays.com\/fr\/wp-json\/wp\/v2\/posts\/376188","targetHints":{"allow":["GET"]}}],"collection":[{"href":"https:\/\/www.europesays.com\/fr\/wp-json\/wp\/v2\/posts"}],"about":[{"href":"https:\/\/www.europesays.com\/fr\/wp-json\/wp\/v2\/types\/post"}],"author":[{"embeddable":true,"href":"https:\/\/www.europesays.com\/fr\/wp-json\/wp\/v2\/users\/2"}],"replies":[{"embeddable":true,"href":"https:\/\/www.europesays.com\/fr\/wp-json\/wp\/v2\/comments?post=376188"}],"version-history":[{"count":0,"href":"https:\/\/www.europesays.com\/fr\/wp-json\/wp\/v2\/posts\/376188\/revisions"}],"wp:featuredmedia":[{"embeddable":true,"href":"https:\/\/www.europesays.com\/fr\/wp-json\/wp\/v2\/media\/376189"}],"wp:attachment":[{"href":"https:\/\/www.europesays.com\/fr\/wp-json\/wp\/v2\/media?parent=376188"}],"wp:term":[{"taxonomy":"category","embeddable":true,"href":"https:\/\/www.europesays.com\/fr\/wp-json\/wp\/v2\/categories?post=376188"},{"taxonomy":"post_tag","embeddable":true,"href":"https:\/\/www.europesays.com\/fr\/wp-json\/wp\/v2\/tags?post=376188"}],"curies":[{"name":"wp","href":"https:\/\/api.w.org\/{rel}","templated":true}]}}