{"id":376190,"date":"2025-09-08T21:44:12","date_gmt":"2025-09-08T21:44:12","guid":{"rendered":"https:\/\/www.europesays.com\/fr\/376190\/"},"modified":"2025-09-08T21:44:12","modified_gmt":"2025-09-08T21:44:12","slug":"une-lettre-ecrite-a-epstein-et-attribuee-a-trump-rendue-publique-08-09-2025-a-2256","status":"publish","type":"post","link":"https:\/\/www.europesays.com\/fr\/376190\/","title":{"rendered":"Une lettre \u00e9crite \u00e0 Epstein et attribu\u00e9e \u00e0 Trump rendue publique &#8211; 08\/09\/2025 \u00e0 22:56"},"content":{"rendered":"<p>        <img fetchpriority=\"high\" decoding=\"async\" src=\"https:\/\/www.europesays.com\/fr\/wp-content\/uploads\/2025\/09\/8e9f9529618d8b1976a571b22f357250-760x507.jpg\" alt=\"Des manifestants lors d'une conf\u00e9rence de presse des victimes de Jeffrey Epstein devant le Capitole, \u00e0 Washington, le 3 septembre 2025 ( AFP \/ ROBERTO SCHMIDT )\" loading=\"eager\" width=\"760\" height=\"507\" style=\"max-width: 100%!important; height: auto;\"\/><\/p>\n<p class=\"c-image-news__legend\">Des manifestants lors d&rsquo;une conf\u00e9rence de presse des victimes de Jeffrey Epstein devant le Capitole, \u00e0 Washington, le 3 septembre 2025 ( AFP \/ ROBERTO SCHMIDT )<\/p>\n<p>\n Une lettre attribu\u00e9e \u00e0 Donald Trump \u00e0 l&rsquo;attention de Jeffrey Epstein pour son anniversaire en 2003 a \u00e9t\u00e9 rendue publique lundi par des parlementaires d\u00e9mocrates, alors que le pr\u00e9sident am\u00e9ricain en avait d\u00e9menti l&rsquo;existence en juillet, en pleine pol\u00e9mique sur ses liens avec le d\u00e9linquant sexuel.\n<\/p>\n<p>\n La lettre, obtenue par les membres d\u00e9mocrates d&rsquo;une commission de la Chambre des repr\u00e9sentants, montre une esquisse de buste f\u00e9minin avec des citations attribu\u00e9es \u00e0 tour de r\u00f4le \u00e0 Jeffrey Epstein et \u00e0 Donald Trump, deux figures alors de la jet-set new-yorkaise, avec la signature du futur pr\u00e9sident am\u00e9ricain au pied de la note.\n<\/p>\n<p>\n Dans la foul\u00e9e, la Maison Blanche a de nouveau d\u00e9menti que le pr\u00e9sident am\u00e9ricain en ait \u00e9t\u00e9 l&rsquo;auteur.\n<\/p>\n<p>\n Donald Trump \u00ab\u00a0n&rsquo;a pas fait ce dessin et ne l&rsquo;a pas sign\u00e9\u00a0\u00bb, a d\u00e9clar\u00e9 la porte-parole Karoline Leavitt, qui a d\u00e9nonc\u00e9 sur X de \u00ab\u00a0fausses informations visant \u00e0 alimenter le complot d\u00e9mocrate\u00a0\u00bb autour de la relation entre Donald Trump et Jeffrey Epstein.\n<\/p>\n<p>\n L&rsquo;affaire Epstein, du nom de ce financier new-yorkais mort en prison en 2019 avant son proc\u00e8s pour crimes sexuels, enflamme de nouveau les Etats-Unis depuis que le gouvernement de Donald Trump a annonc\u00e9 d\u00e9but juillet n&rsquo;avoir d\u00e9couvert aucun \u00e9l\u00e9ment nouveau qui justifierait la publication de documents suppl\u00e9mentaires ou le lancement d&rsquo;une nouvelle enqu\u00eate dans ce dossier.\n<\/p>\n<p>\n La mort, par suicide selon les autorit\u00e9s, de Jeffrey Epstein a aliment\u00e9 d&rsquo;innombrables th\u00e9ories du complot, selon lesquelles il aurait \u00e9t\u00e9 assassin\u00e9 pour l&#8217;emp\u00eacher d&rsquo;impliquer des personnalit\u00e9s de premier plan.\n<\/p>\n<p>\n Selon le Wall Street Journal, qui avait le premier r\u00e9v\u00e9l\u00e9 en juillet l&rsquo;existence de la lettre, celle-ci a \u00e9t\u00e9 envoy\u00e9e par les l\u00e9gataires de Jeffrey Epstein \u00e0 une commission du Congr\u00e8s ayant exig\u00e9 aupr\u00e8s d&rsquo;eux d&rsquo;obtenir de nombreux documents li\u00e9s \u00e0 l&rsquo;affaire.\n<\/p>\n<p> &#8211; \u00ab\u00a0Merveilleux secret\u00a0\u00bb &#8211;<\/p>\n<p>\n Apr\u00e8s les r\u00e9v\u00e9lations du quotidien am\u00e9ricain, Donald Trump avait ni\u00e9 \u00eatre l&rsquo;auteur de la lettre et avait attaqu\u00e9 le \u00ab\u00a0WSJ\u00a0\u00bb pour diffamation, ainsi que son patron Rupert Murdoch, leur r\u00e9clamant au moins 10 milliards de dollars de dommages-int\u00e9r\u00eats.\n<\/p>\n<p>\n Le texte de la missive repr\u00e9sente un \u00e9change imaginaire entre Donald Trump et Jeffrey Epstein, dans lequel le premier dit: \u00ab\u00a0Nous avons certaines choses en commun Jeffrey\u00a0\u00bb.\n<\/p>\n<p>\n \u00ab\u00a0Les \u00e9nigmes ne vieillissent jamais, as-tu remarqu\u00e9 cela\u00a0\u00bb, dit-il \u00e9galement avant de conclure: \u00ab\u00a0Joyeux anniversaire. Que chaque jour soit un autre merveilleux secret\u00a0\u00bb.\n<\/p>\n<p>\n Apr\u00e8s avoir promis \u00e0 ses partisans pendant sa campagne pr\u00e9sidentielle des r\u00e9v\u00e9lations fracassantes sur cette affaire, Donald Trump tente aujourd&rsquo;hui d&rsquo;\u00e9teindre la pol\u00e9mique, qu&rsquo;il a de nouveau qualifi\u00e9e r\u00e9cemment de \u00ab\u00a0canular\u00a0\u00bb mont\u00e9 par l&rsquo;opposition.\n<\/p>\n<p>\n Les \u00e9lus d\u00e9mocrates qui ont publi\u00e9 la lettre lundi ont exhort\u00e9 le pr\u00e9sident r\u00e9publicain \u00e0 faire la lumi\u00e8re sur l&rsquo;affaire.\n<\/p>\n<p>\n \u00ab\u00a0Trump parle de +merveilleux secret+ que les deux partageaient. Qu&rsquo;est-ce qu&rsquo;il cache? Publiez les documents!\u00a0\u00bb, ont-ils \u00e9crit sur X avec une image de la lettre.\n<\/p>\n<p>\n Comme la Maison Blanche, le tr\u00e8s populaire podcasteur conservateur Charlie Kirk a mis en doute la v\u00e9racit\u00e9 de la lettre.\n<\/p>\n<p>\n \u00ab\u00a0Est-ce que \u00e7a ressemble \u00e0 la vraie signature du pr\u00e9sident. Je ne crois pas du tout\u00a0\u00bb, a-t-il lanc\u00e9 sur X, estimant que celle-ci avait \u00e9t\u00e9 \u00ab\u00a0falsifi\u00e9e\u00a0\u00bb.<\/p>\n","protected":false},"excerpt":{"rendered":"Des manifestants lors d&rsquo;une conf\u00e9rence de presse des victimes de Jeffrey Epstein devant le Capitole, \u00e0 Washington, le&hellip;\n","protected":false},"author":2,"featured_media":376191,"comment_status":"","ping_status":"","sticky":false,"template":"","format":"standard","meta":{"footnotes":""},"categories":[5],"tags":[400,11,398,408,405,1011,27,403,14,402,399,404,12,401,406,407,28],"class_list":{"0":"post-376190","1":"post","2":"type-post","3":"status-publish","4":"format-standard","5":"has-post-thumbnail","7":"category-international","8":"tag-action-cac-40","9":"tag-actualites","10":"tag-bourse-de-paris","11":"tag-boursorama","12":"tag-cotations","13":"tag-fr","14":"tag-france","15":"tag-indices-devises","16":"tag-international","17":"tag-investir","18":"tag-investissement","19":"tag-marche-boursier","20":"tag-news","21":"tag-sicav","22":"tag-trackers","23":"tag-warrants","24":"tag-world"},"share_on_mastodon":{"url":"https:\/\/pubeurope.com\/@fr\/115170866902206723","error":""},"_links":{"self":[{"href":"https:\/\/www.europesays.com\/fr\/wp-json\/wp\/v2\/posts\/376190","targetHints":{"allow":["GET"]}}],"collection":[{"href":"https:\/\/www.europesays.com\/fr\/wp-json\/wp\/v2\/posts"}],"about":[{"href":"https:\/\/www.europesays.com\/fr\/wp-json\/wp\/v2\/types\/post"}],"author":[{"embeddable":true,"href":"https:\/\/www.europesays.com\/fr\/wp-json\/wp\/v2\/users\/2"}],"replies":[{"embeddable":true,"href":"https:\/\/www.europesays.com\/fr\/wp-json\/wp\/v2\/comments?post=376190"}],"version-history":[{"count":0,"href":"https:\/\/www.europesays.com\/fr\/wp-json\/wp\/v2\/posts\/376190\/revisions"}],"wp:featuredmedia":[{"embeddable":true,"href":"https:\/\/www.europesays.com\/fr\/wp-json\/wp\/v2\/media\/376191"}],"wp:attachment":[{"href":"https:\/\/www.europesays.com\/fr\/wp-json\/wp\/v2\/media?parent=376190"}],"wp:term":[{"taxonomy":"category","embeddable":true,"href":"https:\/\/www.europesays.com\/fr\/wp-json\/wp\/v2\/categories?post=376190"},{"taxonomy":"post_tag","embeddable":true,"href":"https:\/\/www.europesays.com\/fr\/wp-json\/wp\/v2\/tags?post=376190"}],"curies":[{"name":"wp","href":"https:\/\/api.w.org\/{rel}","templated":true}]}}