{"id":376197,"date":"2025-09-08T21:48:24","date_gmt":"2025-09-08T21:48:24","guid":{"rendered":"https:\/\/www.europesays.com\/fr\/376197\/"},"modified":"2025-09-08T21:48:24","modified_gmt":"2025-09-08T21:48:24","slug":"ces-jeunes-entrepreneurs-ont-developpe-une-plateforme-adaptee-aux-troubles-de-lapprentissage","status":"publish","type":"post","link":"https:\/\/www.europesays.com\/fr\/376197\/","title":{"rendered":"ces jeunes entrepreneurs ont d\u00e9velopp\u00e9 une plateforme adapt\u00e9e aux troubles de l\u2019apprentissage"},"content":{"rendered":"<p>Benoit S\u00e9on et Nicolas Perrichon, 21 et 22 ans, ne perdent d\u00e9cid\u00e9ment pas de temps. En avril\u00a02024, alors qu\u2019ils \u00e9taient encore en formation au CFAI de Saint-\u00c9tienne, ils avaient cr\u00e9\u00e9 leur start-up baptis\u00e9e Growbot initialement, rebaptis\u00e9e r\u00e9cemment Coekipia.<\/p>\n<p>Leur terrain de jeux\u00a0: les assistants virtuels nourris \u00e0 l\u2019intelligence artificielle et destin\u00e9s aux salari\u00e9s d\u2019une entreprise. En particulier les nouveaux salari\u00e9s pas encore aguerris aux process administratifs internes ou aux m\u00e9thodes de travail.<\/p>\n<p>L\u2019IA et les algorithmes en ligne de mire<\/p>\n<p>Adapt\u00e9e \u00e0 chaque entreprise cliente, cette application est capable de r\u00e9pondre aux multitudes interrogations de leurs&#8230;<\/p>\n","protected":false},"excerpt":{"rendered":"Benoit S\u00e9on et Nicolas Perrichon, 21 et 22 ans, ne perdent d\u00e9cid\u00e9ment pas de temps. En avril\u00a02024, alors&hellip;\n","protected":false},"author":2,"featured_media":376198,"comment_status":"","ping_status":"","sticky":false,"template":"","format":"standard","meta":{"footnotes":""},"categories":[9653],"tags":[1111,11,2430,33,1777,674,107,1011,27,5015,12,25,4001,216],"class_list":{"0":"post-376197","1":"post","2":"type-post","3":"status-publish","4":"format-standard","5":"has-post-thumbnail","7":"category-saint-etienne","8":"tag-actu","9":"tag-actualites","10":"tag-auvergne-rhone-alpes","11":"tag-economie","12":"tag-eu","13":"tag-europe","14":"tag-fil-info","15":"tag-fr","16":"tag-france","17":"tag-innovation-et-start-up","18":"tag-news","19":"tag-republique-francaise","20":"tag-saint-etienne","21":"tag-vie-des-entreprises"},"share_on_mastodon":{"url":"https:\/\/pubeurope.com\/@fr\/115170882666672726","error":""},"_links":{"self":[{"href":"https:\/\/www.europesays.com\/fr\/wp-json\/wp\/v2\/posts\/376197","targetHints":{"allow":["GET"]}}],"collection":[{"href":"https:\/\/www.europesays.com\/fr\/wp-json\/wp\/v2\/posts"}],"about":[{"href":"https:\/\/www.europesays.com\/fr\/wp-json\/wp\/v2\/types\/post"}],"author":[{"embeddable":true,"href":"https:\/\/www.europesays.com\/fr\/wp-json\/wp\/v2\/users\/2"}],"replies":[{"embeddable":true,"href":"https:\/\/www.europesays.com\/fr\/wp-json\/wp\/v2\/comments?post=376197"}],"version-history":[{"count":0,"href":"https:\/\/www.europesays.com\/fr\/wp-json\/wp\/v2\/posts\/376197\/revisions"}],"wp:featuredmedia":[{"embeddable":true,"href":"https:\/\/www.europesays.com\/fr\/wp-json\/wp\/v2\/media\/376198"}],"wp:attachment":[{"href":"https:\/\/www.europesays.com\/fr\/wp-json\/wp\/v2\/media?parent=376197"}],"wp:term":[{"taxonomy":"category","embeddable":true,"href":"https:\/\/www.europesays.com\/fr\/wp-json\/wp\/v2\/categories?post=376197"},{"taxonomy":"post_tag","embeddable":true,"href":"https:\/\/www.europesays.com\/fr\/wp-json\/wp\/v2\/tags?post=376197"}],"curies":[{"name":"wp","href":"https:\/\/api.w.org\/{rel}","templated":true}]}}