{"id":37621,"date":"2025-04-20T00:39:37","date_gmt":"2025-04-20T00:39:37","guid":{"rendered":"https:\/\/www.europesays.com\/fr\/37621\/"},"modified":"2025-04-20T00:39:37","modified_gmt":"2025-04-20T00:39:37","slug":"nouvelles-nocturnes-de-bernard-quiriny","status":"publish","type":"post","link":"https:\/\/www.europesays.com\/fr\/37621\/","title":{"rendered":"Nouvelles nocturnes de Bernard Quiriny"},"content":{"rendered":"<p>\t\t\tChaque semaine, on vous invite \u00e0 lire une nouveaut\u00e9, un classique ou un livre \u00e0 red\u00e9couvrir.<\/p>\n<p>En France, les recueils de nouvelles ne se vendent pas, dit-on. De fait, les \u00e9diteurs n\u2019en publient pas, ou peu. Par cons\u00e9quent, on n\u2019ach\u00e8te pas de recueils de nouvelles. Ce parfait exemple de proph\u00e9tie autor\u00e9alisatrice a beau \u00eatre d\u00e9menti par les faits (on songe au premier livre d\u2019Anna Gavalda, Je voudrais que quelqu\u2019un m\u2019attende quelque part, qui b\u00e9n\u00e9ficia d\u2019un grand succ\u00e8s public), la cause semble entendue. Heureusement, certains perp\u00e9tuent ce genre litt\u00e9raire majeur dans lequel s\u2019illustr\u00e8rent Borges, Fitzgerald ou Morand, pour ne citer que quelques immenses \u00e9crivains du XX\u00e8me si\u00e8cle. Ainsi, Bernard Quiriny, \u00e9galement romancier, qui publie r\u00e9guli\u00e8rement des recueils et dont le dernier en date, Nouvelles nocturnes, illustre ses talents.<\/p>\n<p><img loading=\"lazy\" decoding=\"async\" aria-describedby=\"caption-attachment-153905\" class=\"wp-image-153905\" src=\"https:\/\/www.europesays.com\/fr\/wp-content\/uploads\/2025\/04\/bernard-quiriny-igor-kov.jpg\" alt=\"Bernard Quiriny \u00a9 Igor Kov\" width=\"730\" height=\"365\"  \/><\/p>\n<p id=\"caption-attachment-153905\" class=\"wp-caption-text\">Bernard Quiriny \u00a9 Igor Kov<\/p>\n<p>Un \u00e9tudiant soutenant \u00ab\u00a0une th\u00e8se sur rien\u00a0\u00bb, un suicidaire qui encha\u00eene les r\u00e9surrections, une rue de Paris occup\u00e9e uniquement par des \u00e9crivains, un homme qui ne cesse de se dupliquer, un autre qui se retrouve in\u00e9vitablement t\u00e9moin de crimes\u00a0: les motifs d\u00e9ploy\u00e9s par Quiriny naviguent entre l\u2019absurde et le macabre, l\u2019humour noir et le non-sens. Sous sa plume, la bizarrerie, l\u2019\u00e9trange, le fantastique s\u2019invitent avec naturel.<\/p>\n<p><strong>Entre Marcel Aym\u00e9 et Kafka<\/strong><\/p>\n<p>L\u2019auteur de Contes carnivores et de Portrait du baron d\u2019Handrax (qui vient de para\u00eetre en poche) rend plausible, voire r\u00e9aliste, les situations les plus loufoques. Sans forcer le trait, il entra\u00eene le lecteur dans un monde aussi improbable que coh\u00e9rent\u00a0: \u00ab\u00a0Marcel, m\u2019apprit Jean-Clair, habitait seul dans une petite maison, vivant de ses l\u00e9gumes, des lapins qu\u2019il vendait, et du braconnage. Pour se divertir, il tuait des gens, le plus souvent des promeneurs qu\u2019il croisait en for\u00eat. Il ne s\u2019en prenait pas normalement aux habitants du village qui \u00e9vitaient d\u2019ailleurs ses coins de chasse pour ne pas l\u2019y croiser. Les \u00e9trangers, en revanche, il n\u2019h\u00e9sitait pas\u00a0: il leur tombait dessus par surprise, et leur cassait le cr\u00e2ne \u00e0 coups de pierre.\u00a0\u00bb<\/p>\n<p>On compare souvent l\u2019art et la mani\u00e8re de Bernard Quiriny au grand Marcel Aym\u00e9. Le rapprochement est pertinent, mais il ne faut pas oublier l\u2019ombre de Kafka dans cet univers inqui\u00e9tant et d\u00e9r\u00e9gl\u00e9 ob\u00e9issant \u00e0 une apparente rationalit\u00e9. Parmi ces nouvelles qui t\u00e9moignent d\u2019une imagination d\u00e9brid\u00e9e, on pourrait encore citer celles nous d\u00e9voilant des mus\u00e9es tr\u00e8s singuliers, le lourd secret de Sherlock Holmes et de Watson, de curieuses maisons hant\u00e9es ou les fantaisies exterminatrices d\u2019un dictateur. Le regrett\u00e9 <a href=\"https:\/\/blog.culture31.com\/2022\/02\/04\/un-livre-pour-le-week-end-denoncez-vous-les-uns-les-autres-de-benoit-duteurtre\/\" target=\"_blank\" rel=\"noopener nofollow\">Beno\u00eet Duteurtre<\/a> \u00e9tait un fid\u00e8le lecteur et un fervent admirateur de Bernard Quiriny. Dans des registres diff\u00e9rents mais voisins, tous deux appartiennent \u00e0 cette famille d\u2019\u00e9crivains cultivant la fantaisie, l\u2019humour, l\u2019inventivit\u00e9 comme antidotes \u00e0 la morosit\u00e9 des temps o\u00f9 nous sommes. Ce n\u2019est pas si courant.<\/p>\n<p><a href=\"https:\/\/blog.culture31.com\/author\/christianauthier\/\" target=\"_blank\" rel=\"noopener nofollow\"><strong>Christian Authier<\/strong><\/a><\/p>\n<p>&gt;\u00a0\u00a0<a href=\"https:\/\/blog.culture31.com\/?s=Un+livre+pour+le+week-end\" target=\"_blank\" rel=\"noopener nofollow\"><strong>Un livre pour le week-end<\/strong><\/a><\/p>\n<p><a href=\"https:\/\/blog.culture31.com\/art-de-vivre\/?catid=3347\" target=\"_blank\" rel=\"noopener nofollow\"><img decoding=\"async\" loading=\"lazy\" class=\"aligncenter wp-image-131703\" src=\"https:\/\/www.europesays.com\/fr\/wp-content\/uploads\/2025\/04\/banniere-librairies-1-scaled.jpg\" alt=\"Bannie\u0300re Librairies 1\" width=\"730\" height=\"100\"  \/><\/a><\/p>\n<p style=\"text-align: center;\"><a href=\"https:\/\/www.payot-rivages.fr\/rivages\/livre\/nouvelles-nocturnes-9782743666187\" target=\"_blank\" rel=\"noopener nofollow\"><strong>Nouvelles nocturnes \u2022\u00a0 Rivages<\/strong><\/a><\/p>\n<p><a href=\"https:\/\/www.payot-rivages.fr\/rivages\/livre\/nouvelles-nocturnes-9782743666187\" target=\"_blank\" rel=\"noopener nofollow\"><img decoding=\"async\" loading=\"lazy\" class=\"aligncenter wp-image-153904\" src=\"https:\/\/www.europesays.com\/fr\/wp-content\/uploads\/2025\/04\/nouvelles-nocturnes.jpg\" alt=\"Nouvelles Nocturnes\" width=\"450\" height=\"659\"  \/><\/a><\/p>\n<p>\u00a0<\/p>\n<p>\u00a0<\/p>\n<p>\u00a0<\/p>\n","protected":false},"excerpt":{"rendered":"Chaque semaine, on vous invite \u00e0 lire une nouveaut\u00e9, un classique ou un livre \u00e0 red\u00e9couvrir. En France,&hellip;\n","protected":false},"author":2,"featured_media":37622,"comment_status":"","ping_status":"","sticky":false,"template":"","format":"standard","meta":{"footnotes":""},"categories":[1357],"tags":[1379,58,59,1011,27,1380],"class_list":{"0":"post-37621","1":"post","2":"type-post","3":"status-publish","4":"format-standard","5":"has-post-thumbnail","7":"category-livres","8":"tag-books","9":"tag-divertissement","10":"tag-entertainment","11":"tag-fr","12":"tag-france","13":"tag-livres"},"share_on_mastodon":{"url":"https:\/\/pubeurope.com\/@fr\/114367507242768987","error":""},"_links":{"self":[{"href":"https:\/\/www.europesays.com\/fr\/wp-json\/wp\/v2\/posts\/37621","targetHints":{"allow":["GET"]}}],"collection":[{"href":"https:\/\/www.europesays.com\/fr\/wp-json\/wp\/v2\/posts"}],"about":[{"href":"https:\/\/www.europesays.com\/fr\/wp-json\/wp\/v2\/types\/post"}],"author":[{"embeddable":true,"href":"https:\/\/www.europesays.com\/fr\/wp-json\/wp\/v2\/users\/2"}],"replies":[{"embeddable":true,"href":"https:\/\/www.europesays.com\/fr\/wp-json\/wp\/v2\/comments?post=37621"}],"version-history":[{"count":0,"href":"https:\/\/www.europesays.com\/fr\/wp-json\/wp\/v2\/posts\/37621\/revisions"}],"wp:featuredmedia":[{"embeddable":true,"href":"https:\/\/www.europesays.com\/fr\/wp-json\/wp\/v2\/media\/37622"}],"wp:attachment":[{"href":"https:\/\/www.europesays.com\/fr\/wp-json\/wp\/v2\/media?parent=37621"}],"wp:term":[{"taxonomy":"category","embeddable":true,"href":"https:\/\/www.europesays.com\/fr\/wp-json\/wp\/v2\/categories?post=37621"},{"taxonomy":"post_tag","embeddable":true,"href":"https:\/\/www.europesays.com\/fr\/wp-json\/wp\/v2\/tags?post=37621"}],"curies":[{"name":"wp","href":"https:\/\/api.w.org\/{rel}","templated":true}]}}