{"id":376215,"date":"2025-09-08T21:58:11","date_gmt":"2025-09-08T21:58:11","guid":{"rendered":"https:\/\/www.europesays.com\/fr\/376215\/"},"modified":"2025-09-08T21:58:11","modified_gmt":"2025-09-08T21:58:11","slug":"mort-de-lilian-dejean-a-grenoble-trois-proches-du-suspect-mis-en-examen","status":"publish","type":"post","link":"https:\/\/www.europesays.com\/fr\/376215\/","title":{"rendered":"Mort de Lilian Dejean \u00e0 Grenoble\u00a0: trois proches du suspect mis en examen"},"content":{"rendered":"<p class=\"paragraph text_align_left lp-f-body-02\">L\u2019enqu\u00eate se poursuit. Trois proches d\u2019un homme accus\u00e9 du meurtre par balle d\u2019<a href=\"https:\/\/www.leparisien.fr\/faits-divers\/mort-de-lilian-dejean-a-grenoble-lagent-municipal-a-ete-inhume-en-guadeloupe-28-09-2024-BROGB4VVJ5ELNI2RJEZQX4KAI4.php\" target=\"_blank\" rel=\"noreferrer noopener\">un agent municipal \u00e0 Grenoble<\/a> il y a tout juste un an ont \u00e9t\u00e9 mis en examen pour avoir facilit\u00e9 sa fuite, a indiqu\u00e9 ce lundi 8 septembre le parquet.<\/p>\n<p class=\"paragraph text_align_left lp-f-body-02\">La mort de Lilian Dejean, le 8 septembre 2024, avait provoqu\u00e9 une vive \u00e9motion dans la capitale is\u00e9roise et au-del\u00e0 : cet agent de propret\u00e9 et p\u00e8re de famille de 49 ans avait \u00e9t\u00e9 tu\u00e9 d\u2019une balle dans le thorax par l\u2019homme qu\u2019il tentait de retenir apr\u00e8s que ce dernier eut provoqu\u00e9 un accident au volant d\u2019une puissante voiture de location.<\/p>\n<p>Ils \u00ab contestent \u00bb leur implication<\/p>\n<p class=\"paragraph text_align_left lp-f-body-02\">Abdoul Diallo, 26 ans, avait fui \u00e0 pied et pass\u00e9 plus de deux mois en cavale avant d\u2019\u00eatre <a href=\"https:\/\/www.leparisien.fr\/faits-divers\/meurtre-de-lilian-dejean-a-grenoble-le-suspect-arrete-au-portugal-accepte-detre-extrade-vers-la-france-22-11-2024-2P2WQNST6BDPPK33HEEI4TOGTA.php\" target=\"_blank\" rel=\"noreferrer noopener\">arr\u00eat\u00e9 au Portugal et remis \u00e0 la France<\/a>, o\u00f9 il est mis en examen et \u00e9crou\u00e9 pour meurtre. Entre avril et ao\u00fbt, la s\u0153ur de sa compagne, 21 ans, ainsi que deux de ses amis, 31 et 27 ans, ont \u00e9t\u00e9 mis en examen pour \u00ab recel de malfaiteur \u00bb, a indiqu\u00e9 \u00e0 l\u2019AFP le procureur de Grenoble Etienne Manteaux, confirmant une information du quotidien le Dauphin\u00e9 Lib\u00e9r\u00e9.<\/p>\n<p class=\"paragraph text_align_left lp-f-body-02\">Tous trois ont \u00e9t\u00e9 plac\u00e9s sous contr\u00f4le judiciaire et \u00ab contestent \u00bb leur implication, selon le magistrat.<\/p>\n<p class=\"paragraph text_align_left lp-f-body-02\">La femme a \u00e9t\u00e9 mise en examen \u00ab notamment parce que c\u2019est avec son t\u00e9l\u00e9phone portable que tous les \u00e9changes t\u00e9l\u00e9phoniques ont eu lieu \u00bb avec Diallo, selon Etienne Manteaux, \u00ab notamment au Portugal \u00bb.<\/p>\n<p class=\"paragraph text_align_left lp-f-body-02\">Les deux hommes mis en examen sont soup\u00e7onn\u00e9s, eux, de l\u2019avoir \u00ab exfiltr\u00e9 de Grenoble \u00bb le jour du meurtre, comme l\u2019attestent des enregistrements vid\u00e9o, selon le magistrat.<\/p>\n<p class=\"paragraph text_align_left lp-f-body-02\">Quant \u00e0 la compagne <a href=\"https:\/\/www.leparisien.fr\/faits-divers\/employe-municipal-tue-a-grenoble-on-est-soulage-confient-ses-proches-apres-larrestation-du-suspect-22-11-2024-5F46ZHDIIFFZVPX6S2DJJ7SHNE.php\" target=\"_blank\" rel=\"noreferrer noopener\">du suspect<\/a>, qui serait \u00ab la principale personne l\u2019ayant aid\u00e9 \u00bb, la loi lui octroie une immunit\u00e9 qui la pr\u00e9serve de toute poursuite parce qu\u2019elle est la m\u00e8re des deux enfants d\u2019Abdoul Diallo, a expliqu\u00e9 le procureur.<\/p>\n<p class=\"paragraph text_align_left lp-f-body-02\">Selon Etienne Manteaux, Abdoul Diallo, au casier judiciaire d\u00e9j\u00e0 charg\u00e9 avec 19 condamnations notamment pour violences et trafic de stup\u00e9fiants, \u00ab conteste l\u2019intention coupable \u00bb, affirmant n\u2019avoir tir\u00e9 que pour pouvoir s\u2019enfuir. Le proc\u00e8s d\u2019assises pourrait avoir lieu fin 2026, selon le procureur.<\/p>\n<p class=\"paragraph text_align_left lp-f-body-02\">Lundi, quelque 250 personne ont rendu hommage \u00e0 <a href=\"https:\/\/www.leparisien.fr\/faits-divers\/meurtre-de-lilian-dejean-a-grenoble-le-principal-suspect-remis-a-la-france-une-semaine-apres-son-arrestation-au-portugal-29-11-2024-QPLWOQ3FLVEQDKTJBSZJLQQO5Y.php\" target=\"_blank\" rel=\"noreferrer noopener\">Lilian Dejean<\/a> : une plaque comm\u00e9morative a \u00e9t\u00e9 d\u00e9voil\u00e9e devant l\u2019h\u00f4tel de ville en pr\u00e9sence de sa famille et une fresque sera peinte sur son lieu de travail.<\/p>\n","protected":false},"excerpt":{"rendered":"L\u2019enqu\u00eate se poursuit. Trois proches d\u2019un homme accus\u00e9 du meurtre par balle d\u2019un agent municipal \u00e0 Grenoble il&hellip;\n","protected":false},"author":2,"featured_media":376216,"comment_status":"","ping_status":"","sticky":false,"template":"","format":"standard","meta":{"footnotes":""},"categories":[9566],"tags":[1111,11,2430,459,1777,674,118,1011,27,2731,13028,12,25],"class_list":{"0":"post-376215","1":"post","2":"type-post","3":"status-publish","4":"format-standard","5":"has-post-thumbnail","7":"category-grenoble","8":"tag-actu","9":"tag-actualites","10":"tag-auvergne-rhone-alpes","11":"tag-departements-horsidfo","12":"tag-eu","13":"tag-europe","14":"tag-faits-divers","15":"tag-fr","16":"tag-france","17":"tag-grenoble","18":"tag-isere-38","19":"tag-news","20":"tag-republique-francaise"},"share_on_mastodon":{"url":"https:\/\/pubeurope.com\/@fr\/115170921956631845","error":""},"_links":{"self":[{"href":"https:\/\/www.europesays.com\/fr\/wp-json\/wp\/v2\/posts\/376215","targetHints":{"allow":["GET"]}}],"collection":[{"href":"https:\/\/www.europesays.com\/fr\/wp-json\/wp\/v2\/posts"}],"about":[{"href":"https:\/\/www.europesays.com\/fr\/wp-json\/wp\/v2\/types\/post"}],"author":[{"embeddable":true,"href":"https:\/\/www.europesays.com\/fr\/wp-json\/wp\/v2\/users\/2"}],"replies":[{"embeddable":true,"href":"https:\/\/www.europesays.com\/fr\/wp-json\/wp\/v2\/comments?post=376215"}],"version-history":[{"count":0,"href":"https:\/\/www.europesays.com\/fr\/wp-json\/wp\/v2\/posts\/376215\/revisions"}],"wp:featuredmedia":[{"embeddable":true,"href":"https:\/\/www.europesays.com\/fr\/wp-json\/wp\/v2\/media\/376216"}],"wp:attachment":[{"href":"https:\/\/www.europesays.com\/fr\/wp-json\/wp\/v2\/media?parent=376215"}],"wp:term":[{"taxonomy":"category","embeddable":true,"href":"https:\/\/www.europesays.com\/fr\/wp-json\/wp\/v2\/categories?post=376215"},{"taxonomy":"post_tag","embeddable":true,"href":"https:\/\/www.europesays.com\/fr\/wp-json\/wp\/v2\/tags?post=376215"}],"curies":[{"name":"wp","href":"https:\/\/api.w.org\/{rel}","templated":true}]}}