{"id":376221,"date":"2025-09-08T22:01:18","date_gmt":"2025-09-08T22:01:18","guid":{"rendered":"https:\/\/www.europesays.com\/fr\/376221\/"},"modified":"2025-09-08T22:01:18","modified_gmt":"2025-09-08T22:01:18","slug":"ostwald-lhomme-deloge-par-la-raid-crie-au-complot","status":"publish","type":"post","link":"https:\/\/www.europesays.com\/fr\/376221\/","title":{"rendered":"Ostwald. L\u2019homme d\u00e9log\u00e9 par la Raid crie au complot"},"content":{"rendered":"<p>D\u00e8s son entr\u00e9e, le pr\u00e9venu jette un regard renfrogn\u00e9 dans la salle d\u2019audience. Cet homme de 51 ans trapu, au visage rond, est poursuivi pour avoir violent\u00e9 son p\u00e8re le 4\u00a0septembre dernier rue des Cigognes \u00e0 Ostwald. Il a fallu l\u2019intervention de l\u2019unit\u00e9 d\u2019\u00e9lite du RAID pour le ramener \u00e0 la raison.<\/p>\n<p>D\u00e8s 15\u00a0h, une voisine se plaint de son comportement apr\u00e8s l\u2019avoir entendu vocif\u00e9rer contre son p\u00e8re qui l\u2019h\u00e9berge, et avoir essuy\u00e9 des outrages et des menaces.<\/p>\n<p>Dans le m\u00eame intervalle, le p\u00e8re du pr\u00e9venu d\u00e9pose plainte contre lui. Il relate avoir subi un \u00e9tranglement avec une cl\u00e9 de bras, et une aspersion de gaz lacrymog\u00e8ne dans le visage.<\/p>\n<p>Il est arm\u00e9 d\u2019un couteau, les policiers d\u00e9gainent leur pistolet<\/p>\n<p>Une patrouille, escort\u00e9e par le patriarche, tente de le raisonner. L\u2019homme, qui se tient dans le salon, se tourne vers eux avec un&#8230;<\/p>\n","protected":false},"excerpt":{"rendered":"D\u00e8s son entr\u00e9e, le pr\u00e9venu jette un regard renfrogn\u00e9 dans la salle d\u2019audience. Cet homme de 51 ans&hellip;\n","protected":false},"author":2,"featured_media":376222,"comment_status":"","ping_status":"","sticky":false,"template":"","format":"standard","meta":{"footnotes":""},"categories":[2820],"tags":[1111,11,271,272,2880,1777,674,274,107,1011,27,775,12,6611,25,640,3089],"class_list":{"0":"post-376221","1":"post","2":"type-post","3":"status-publish","4":"format-standard","5":"has-post-thumbnail","7":"category-strasbourg","8":"tag-actu","9":"tag-actualites","10":"tag-crime","11":"tag-delit-et-contravention","12":"tag-edition-strasbourg","13":"tag-eu","14":"tag-europe","15":"tag-faits-divers-justice","16":"tag-fil-info","17":"tag-fr","18":"tag-france","19":"tag-grand-est","20":"tag-news","21":"tag-ostwald","22":"tag-republique-francaise","23":"tag-strasbourg","24":"tag-strasbourg-sud"},"share_on_mastodon":{"url":"https:\/\/pubeurope.com\/@fr\/115170933724747909","error":""},"_links":{"self":[{"href":"https:\/\/www.europesays.com\/fr\/wp-json\/wp\/v2\/posts\/376221","targetHints":{"allow":["GET"]}}],"collection":[{"href":"https:\/\/www.europesays.com\/fr\/wp-json\/wp\/v2\/posts"}],"about":[{"href":"https:\/\/www.europesays.com\/fr\/wp-json\/wp\/v2\/types\/post"}],"author":[{"embeddable":true,"href":"https:\/\/www.europesays.com\/fr\/wp-json\/wp\/v2\/users\/2"}],"replies":[{"embeddable":true,"href":"https:\/\/www.europesays.com\/fr\/wp-json\/wp\/v2\/comments?post=376221"}],"version-history":[{"count":0,"href":"https:\/\/www.europesays.com\/fr\/wp-json\/wp\/v2\/posts\/376221\/revisions"}],"wp:featuredmedia":[{"embeddable":true,"href":"https:\/\/www.europesays.com\/fr\/wp-json\/wp\/v2\/media\/376222"}],"wp:attachment":[{"href":"https:\/\/www.europesays.com\/fr\/wp-json\/wp\/v2\/media?parent=376221"}],"wp:term":[{"taxonomy":"category","embeddable":true,"href":"https:\/\/www.europesays.com\/fr\/wp-json\/wp\/v2\/categories?post=376221"},{"taxonomy":"post_tag","embeddable":true,"href":"https:\/\/www.europesays.com\/fr\/wp-json\/wp\/v2\/tags?post=376221"}],"curies":[{"name":"wp","href":"https:\/\/api.w.org\/{rel}","templated":true}]}}