{"id":376237,"date":"2025-09-08T22:10:14","date_gmt":"2025-09-08T22:10:14","guid":{"rendered":"https:\/\/www.europesays.com\/fr\/376237\/"},"modified":"2025-09-08T22:10:14","modified_gmt":"2025-09-08T22:10:14","slug":"un-premier-cas-de-dengue-autochtone-detecte-pres-de-toulouse-lars-appelle-a-la-vigilance","status":"publish","type":"post","link":"https:\/\/www.europesays.com\/fr\/376237\/","title":{"rendered":"Un premier cas de dengue autochtone d\u00e9tect\u00e9 pr\u00e8s de Toulouse, l\u2019ARS appelle \u00e0 la vigilance"},"content":{"rendered":"<p>\n                                                                    l&rsquo;essentiel<br \/>\n                                                                Un premier cas de dengue autochtone a \u00e9t\u00e9 confirm\u00e9 dans un quartier de Fonsorbes, dans l\u2019Ouest toulousain. Des mesures de pr\u00e9vention et de d\u00e9moustication sont mises en place dans la zone concern\u00e9e pour limiter la propagation.\n                            <\/p>\n<p data-end=\"492\" data-start=\"177\">Une personne atteinte de dengue a \u00e9t\u00e9 recens\u00e9e \u00e0 Fonsorbes, \u00e0 une vingtaine de kilom\u00e8tres \u00e0 l\u2019Ouest de Toulouse. Ce cas est dit autochtone car le\u00a0malade n\u2019a pas s\u00e9journ\u00e9 r\u00e9cemment en zone tropicale. Son \u00e9tat de sant\u00e9 ne suscite cependant pas d\u2019inqui\u00e9tude. Il s\u2019agit du premier cas autochtone du d\u00e9partement et du quatri\u00e8me en Occitanie depuis le mois de mai.<\/p>\n<p data-end=\"886\" data-start=\"494\">Des mesures de pr\u00e9vention ont \u00e9t\u00e9 imm\u00e9diatement d\u00e9ploy\u00e9es dans le quartier Call\u00e9ou, o\u00f9 r\u00e9side la personne infect\u00e9e. Des enqu\u00eates entomologiques visent \u00e0 confirmer la pr\u00e9sence de moustiques tigres, principaux vecteurs de la dengue. Parall\u00e8lement, des op\u00e9rations de d\u00e9moustication ciblant larves et moustiques adultes sont en cours. Les habitants sont inform\u00e9s en amont et invit\u00e9s \u00e0 coop\u00e9rer.<\/p>\n<p>        <img decoding=\"async\" class=\"std-img__img responsive-img\" src=\"https:\/\/www.europesays.com\/fr\/wp-content\/uploads\/2025\/09\/1757369414_822_image.jpg\" alt=\"Le cas de dengue d\u00e9tect\u00e9 \u00e0 Fonsorbes est autochtone.\"\/><\/p>\n<p>                Le cas de dengue d\u00e9tect\u00e9 \u00e0 Fonsorbes est autochtone.<br \/>\n                                    DDM archives &#8211; S\u00e9bastien Lapeyr\u00e8re<\/p>\n<p>Consulter un m\u00e9decin en cas de sympt\u00f4mes<\/p>\n<p data-end=\"1257\" data-start=\"888\">La dengue, surnomm\u00e9e \u00ab\u00a0grippe tropicale\u00a0\u00bb, se manifeste par de la fi\u00e8vre, des maux de t\u00eate et des courbatures. Elle se transmet exclusivement par la piq\u00fbre d\u2019un moustique tigre infect\u00e9.<\/p>\n<p class=\"std-elt__inline\">\n        <strong>\u00c0 lire aussi :<\/strong><br \/>\n        <a href=\"https:\/\/www.ladepeche.fr\/2025\/07\/14\/un-traitement-preventif-exceptionnel-apres-un-cas-suspect-une-operation-de-demoustication-dans-un-quartier-de-toulouse-12825026.php\" rel=\"nofollow noopener\" target=\"_blank\">Apr\u00e8s un cas import\u00e9 de dengue, une grande op\u00e9ration de d\u00e9moustication programm\u00e9e dans un quartier de Toulouse<\/a>\n    <\/p>\n<p data-end=\"1257\" data-start=\"888\">\u00ab\u00a0Les \u00e9quipes de l\u2019Agence R\u00e9gionale de Sant\u00e9 Occitanie remercient les habitants de faciliter les actions de l\u2019op\u00e9rateur de d\u00e9moustication Altopictus et les actions de sensibilisation. Tous ces agents disposent d\u2019une carte professionnelle qui peut leur \u00eatre demand\u00e9e\u00a0\u00bb, pr\u00e9cise l\u2019ARS.<\/p>\n<p class=\"std-elt__inline\">\n        <strong>\u00c0 lire aussi :<\/strong><br \/>\n        <a href=\"https:\/\/www.ladepeche.fr\/2025\/08\/10\/moustiques-tigres-les-cas-de-dengue-en-hausse-et-deux-fois-plus-de-cas-de-chikungunya-detectes-par-lars-dans-le-tarn-12861411.php\" rel=\"nofollow noopener\" target=\"_blank\">Moustiques tigres\u00a0: les cas de dengue en hausse et deux fois plus de cas de chikungunya d\u00e9tect\u00e9s par l\u2019ARS dans le Tarn<\/a>\n    <\/p>\n<p data-end=\"1257\" data-start=\"888\">L\u2019Agence r\u00e9gionale de sant\u00e9\u00a0d\u2019Occitanie appelle les habitants ayant fr\u00e9quent\u00e9 le quartier Call\u00e9ou depuis d\u00e9but ao\u00fbt \u00e0 consulter un m\u00e9decin en cas de sympt\u00f4mes \u00e9vocateurs. Elle recommande \u00e9galement l\u2019usage de r\u00e9pulsifs cutan\u00e9s et l\u2019installation de moustiquaires pour prot\u00e9ger les plus vuln\u00e9rables.<\/p>\n","protected":false},"excerpt":{"rendered":"l&rsquo;essentiel Un premier cas de dengue autochtone a \u00e9t\u00e9 confirm\u00e9 dans un quartier de Fonsorbes, dans l\u2019Ouest toulousain.&hellip;\n","protected":false},"author":2,"featured_media":376238,"comment_status":"","ping_status":"","sticky":false,"template":"","format":"standard","meta":{"footnotes":""},"categories":[2816],"tags":[1111,11,1777,674,1011,27,12,2680,25,2312],"class_list":{"0":"post-376237","1":"post","2":"type-post","3":"status-publish","4":"format-standard","5":"has-post-thumbnail","7":"category-toulouse","8":"tag-actu","9":"tag-actualites","10":"tag-eu","11":"tag-europe","12":"tag-fr","13":"tag-france","14":"tag-news","15":"tag-occitanie","16":"tag-republique-francaise","17":"tag-toulouse"},"share_on_mastodon":{"url":"https:\/\/pubeurope.com\/@fr\/115170969598804720","error":""},"_links":{"self":[{"href":"https:\/\/www.europesays.com\/fr\/wp-json\/wp\/v2\/posts\/376237","targetHints":{"allow":["GET"]}}],"collection":[{"href":"https:\/\/www.europesays.com\/fr\/wp-json\/wp\/v2\/posts"}],"about":[{"href":"https:\/\/www.europesays.com\/fr\/wp-json\/wp\/v2\/types\/post"}],"author":[{"embeddable":true,"href":"https:\/\/www.europesays.com\/fr\/wp-json\/wp\/v2\/users\/2"}],"replies":[{"embeddable":true,"href":"https:\/\/www.europesays.com\/fr\/wp-json\/wp\/v2\/comments?post=376237"}],"version-history":[{"count":0,"href":"https:\/\/www.europesays.com\/fr\/wp-json\/wp\/v2\/posts\/376237\/revisions"}],"wp:featuredmedia":[{"embeddable":true,"href":"https:\/\/www.europesays.com\/fr\/wp-json\/wp\/v2\/media\/376238"}],"wp:attachment":[{"href":"https:\/\/www.europesays.com\/fr\/wp-json\/wp\/v2\/media?parent=376237"}],"wp:term":[{"taxonomy":"category","embeddable":true,"href":"https:\/\/www.europesays.com\/fr\/wp-json\/wp\/v2\/categories?post=376237"},{"taxonomy":"post_tag","embeddable":true,"href":"https:\/\/www.europesays.com\/fr\/wp-json\/wp\/v2\/tags?post=376237"}],"curies":[{"name":"wp","href":"https:\/\/api.w.org\/{rel}","templated":true}]}}