{"id":376241,"date":"2025-09-08T22:12:15","date_gmt":"2025-09-08T22:12:15","guid":{"rendered":"https:\/\/www.europesays.com\/fr\/376241\/"},"modified":"2025-09-08T22:12:15","modified_gmt":"2025-09-08T22:12:15","slug":"universite-de-lille-un-maitre-de-conferences-en-detention-pour-viol-sur-3-de-ses-petits-enfants","status":"publish","type":"post","link":"https:\/\/www.europesays.com\/fr\/376241\/","title":{"rendered":"Universit\u00e9 de Lille : un ma\u00eetre de conf\u00e9rences en d\u00e9tention pour viol sur 3 de ses petits-enfants"},"content":{"rendered":"<p>      R\u00e9sum\u00e9<\/p>\n<p>Une affaire terrible se passe \u00e0 l&rsquo;universit\u00e9 de Lille. Un ma\u00eetre de conf\u00e9rences est soup\u00e7onn\u00e9 de violences sexuelles graves sur plusieurs enfants de sa famille, d\u00e9clenchant une enqu\u00eate en cours.<\/p>\n<p>        Sommaire<\/p>\n<p><strong>L\u2019universit\u00e9 de Lille <\/strong>est secou\u00e9e par une affaire judiciaire gla\u00e7ante. Un <strong>homme de 57 ans<\/strong> a \u00e9t\u00e9 interpell\u00e9 le 23 ao\u00fbt dernier \u00e0 son retour de vacances en mer.<\/p>\n<p>Celui-ci n&rsquo;a rien d&rsquo;un poste anodin, il est <strong>ma\u00eetre de conf\u00e9rences<\/strong> en sciences de l\u2019\u00e9ducation \u00e0 l&rsquo;universit\u00e9 de Lille dans le nord. Selon Paris Match, il est soup\u00e7onn\u00e9 d\u2019avoir commis des <strong>viols \u00e0 r\u00e9p\u00e9tition<\/strong> sur <strong>trois de ses petits-enfants<\/strong>, encore tr\u00e8s jeunes.<\/p>\n<p>Une enqu\u00eate de viol qui fait froid dans le dos<\/p>\n<p>Plac\u00e9 en garde \u00e0 vue par les enqu\u00eateurs de<strong> l\u2019OFMIN (office des mineurs)<\/strong>, le <strong>quinquag\u00e9naire a rapidement \u00e9t\u00e9 pr\u00e9sent\u00e9 \u00e0 un juge d\u2019instruction<\/strong>. \u00c0 l\u2019issue de cette proc\u00e9dure, il a \u00e9t\u00e9 <strong>mis en examen<\/strong> pour des faits d\u2019une gravit\u00e9 extr\u00eame avant d\u2019\u00eatre envoy\u00e9 derri\u00e8re les barreaux en <strong><a href=\"https:\/\/vsd.fr\/72428-accuse-de-2-viols-le-fils-de-la-princesse-de-norvege-place-en-detention\/\" target=\"_blank\" rel=\"noopener\">d\u00e9tention provisoire<\/a><\/strong>.<\/p>\n<p>Toujours d\u2019apr\u00e8s Paris Match, ces violences sexuelles auraient dur\u00e9 <strong>plusieurs ann\u00e9es<\/strong>. Une information qui laisse imaginer un <strong>lourd climat de silence et de secrets<\/strong> au sein de cette famille. Pour les enqu\u00eateurs de la DNPJ (direction nationale de la police judiciaire), le <strong>travail ne fait que commencer<\/strong>. Leur objectif est de d\u00e9terminer s\u2019il pourrait exister <strong>d\u2019autres victimes<\/strong> dans l\u2019entourage de l\u2019homme.<\/p>\n<p>Cette affaire provoque \u00e9videmment un <strong>\u00e9norme malaise dans le milieu universitaire<\/strong>. Comment un enseignant, sp\u00e9cialiste de l\u2019\u00e9ducation, a-t-il pu \u00eatre soup\u00e7onn\u00e9 de tels actes ? Si jusque-l\u00e0 l&rsquo;universitaire pr\u00e9sentait un profil professionnel sans faille, il n&rsquo;en est rien. Bien au contraire, il se retrouve aujourd&rsquo;hui au centre d\u2019une <strong>terrible <a href=\"https:\/\/vsd.fr\/?s=affaire+judiciaire\" target=\"_blank\" rel=\"noopener\">affaire judiciaire<\/a><\/strong>. Il ne fait aucun doute que l&rsquo;universit\u00e9 de Lille va \u00eatre <strong>\u00e9clabouss\u00e9e par ce scandale<\/strong>  qui risque de marquer sa r\u00e9putation.<\/p>\n<p>La justice avance pas \u00e0 pas<\/p>\n<p>Dans ce dossier, le juge des libert\u00e9s et de la d\u00e9tention (JLD) a estim\u00e9 que la<strong> gravit\u00e9 des faits <\/strong>imposait un <strong>placement imm\u00e9diat en prison<\/strong>. Une d\u00e9cision qui malheureusement en dit beaucoup. En effet, elle montre bien la gravit\u00e9 de l&rsquo;affaire et la dangerosit\u00e9 potentielle du mis en cause. Le but est de <strong>prot\u00e9ger les victimes pr\u00e9sum\u00e9es.<\/strong><\/p>\n<p>Du c\u00f4t\u00e9 de l\u2019entourage de l\u2019accus\u00e9, ce doit certainement \u00eatre la sid\u00e9ration. Personne ne devait imaginer un tel double visage : un enseignant respect\u00e9 vs un grand-p\u00e8re pr\u00e9dateur. L\u2019enqu\u00eate se poursuit et elle va certainement r\u00e9v\u00e9ler de <strong>nouveaux \u00e9l\u00e9ments dans les semaines \u00e0 venir<\/strong>. Une chose est s\u00fbre, cette affaire est d\u00e9j\u00e0 l\u2019une des plus sombres r\u00e9v\u00e9l\u00e9es dans le milieu universitaire ces derni\u00e8res ann\u00e9es.<\/p>\n<p>      Mentionn\u00e9s dans cet article<\/p>\n<p>Lire aussi<\/p>\n","protected":false},"excerpt":{"rendered":"R\u00e9sum\u00e9 Une affaire terrible se passe \u00e0 l&rsquo;universit\u00e9 de Lille. Un ma\u00eetre de conf\u00e9rences est soup\u00e7onn\u00e9 de violences&hellip;\n","protected":false},"author":2,"featured_media":376242,"comment_status":"","ping_status":"","sticky":false,"template":"","format":"standard","meta":{"footnotes":""},"categories":[2815],"tags":[1111,11,1777,674,118,1011,27,811,1307,12,25,1265],"class_list":{"0":"post-376241","1":"post","2":"type-post","3":"status-publish","4":"format-standard","5":"has-post-thumbnail","7":"category-lille","8":"tag-actu","9":"tag-actualites","10":"tag-eu","11":"tag-europe","12":"tag-faits-divers","13":"tag-fr","14":"tag-france","15":"tag-hauts-de-france","16":"tag-lille","17":"tag-news","18":"tag-republique-francaise","19":"tag-viol"},"share_on_mastodon":{"url":"https:\/\/pubeurope.com\/@fr\/115170976964964250","error":""},"_links":{"self":[{"href":"https:\/\/www.europesays.com\/fr\/wp-json\/wp\/v2\/posts\/376241","targetHints":{"allow":["GET"]}}],"collection":[{"href":"https:\/\/www.europesays.com\/fr\/wp-json\/wp\/v2\/posts"}],"about":[{"href":"https:\/\/www.europesays.com\/fr\/wp-json\/wp\/v2\/types\/post"}],"author":[{"embeddable":true,"href":"https:\/\/www.europesays.com\/fr\/wp-json\/wp\/v2\/users\/2"}],"replies":[{"embeddable":true,"href":"https:\/\/www.europesays.com\/fr\/wp-json\/wp\/v2\/comments?post=376241"}],"version-history":[{"count":0,"href":"https:\/\/www.europesays.com\/fr\/wp-json\/wp\/v2\/posts\/376241\/revisions"}],"wp:featuredmedia":[{"embeddable":true,"href":"https:\/\/www.europesays.com\/fr\/wp-json\/wp\/v2\/media\/376242"}],"wp:attachment":[{"href":"https:\/\/www.europesays.com\/fr\/wp-json\/wp\/v2\/media?parent=376241"}],"wp:term":[{"taxonomy":"category","embeddable":true,"href":"https:\/\/www.europesays.com\/fr\/wp-json\/wp\/v2\/categories?post=376241"},{"taxonomy":"post_tag","embeddable":true,"href":"https:\/\/www.europesays.com\/fr\/wp-json\/wp\/v2\/tags?post=376241"}],"curies":[{"name":"wp","href":"https:\/\/api.w.org\/{rel}","templated":true}]}}