{"id":376245,"date":"2025-09-08T22:14:18","date_gmt":"2025-09-08T22:14:18","guid":{"rendered":"https:\/\/www.europesays.com\/fr\/376245\/"},"modified":"2025-09-08T22:14:18","modified_gmt":"2025-09-08T22:14:18","slug":"ciao-bayrou-a-marseille-un-pot-de-depart-qui-ressemble-a-une-repetition-du-10-septembre","status":"publish","type":"post","link":"https:\/\/www.europesays.com\/fr\/376245\/","title":{"rendered":"\u00ab Ciao Bayrou \u00bb\u2026 A Marseille, un pot de d\u00e9part qui ressemble \u00e0 une r\u00e9p\u00e9tition du 10 septembre"},"content":{"rendered":"<p class=\"mb-4 text-lg md:leading-8 break-words\"><strong>bi\u00e8re de l\u2019amiti\u00e9 &#8211; Plusieurs dizaines de personnes \u00e9taient r\u00e9unies sur la place Bargemon dans le 2e\u00a0arrondissement de Marseille pour f\u00eater le d\u00e9part de Fran\u00e7ois Bayrou. Une premi\u00e8re \u00e9tape avant mercredi<\/strong><\/p>\n<p class=\"mb-4 text-lg md:leading-8 break-words\">\u00ab\u00a0Il est tomb\u00e9.\u00a0\u00bb La notification est apparue sur les t\u00e9l\u00e9phones\u00a0: les d\u00e9put\u00e9s ont vot\u00e9 <a href=\"https:\/\/www.20minutes.fr\/politique\/assemblee_nationale\/4171890-20250908-vote-confiance-seulement-194-deputes-bayrou-perd-pari-chute?at_medium=RSS%20feed&amp;at_campaign=ynews&amp;utm_source=yahoo&amp;utm_medium=rss&amp;utm_campaign=news_feed&amp;utm_content=in_article_link\" rel=\"nofollow noopener\" target=\"_blank\" data-ylk=\"slk:contre la confiance au gouvernement de Fran\u00e7ois Bayrou,;elm:context_link;itc:0;sec:content-canvas\" class=\"link \">contre la confiance au gouvernement de Fran\u00e7ois Bayrou,<\/a> qui est d\u00e9sormais contraint \u00e0 la d\u00e9mission. Sur la place Bargemon \u00e0 <a href=\"https:\/\/www.20minutes.fr\/marseille\/?at_medium=RSS%20feed&amp;at_campaign=ynews&amp;utm_source=yahoo&amp;utm_medium=rss&amp;utm_campaign=news_feed&amp;utm_content=in_article_link\" rel=\"nofollow noopener\" target=\"_blank\" data-ylk=\"slk:Marseille;elm:context_link;itc:0;sec:content-canvas\" class=\"link \">Marseille<\/a>, \u00e0 c\u00f4t\u00e9 de l\u2019H\u00f4tel de ville et du <a href=\"https:\/\/www.20minutes.fr\/dossier\/vieux_port?at_medium=RSS%20feed&amp;at_campaign=ynews&amp;utm_source=yahoo&amp;utm_medium=rss&amp;utm_campaign=news_feed&amp;utm_content=in_article_link\" rel=\"nofollow noopener\" target=\"_blank\" data-ylk=\"slk:Vieux-Port;elm:context_link;itc:0;sec:content-canvas\" class=\"link \">Vieux-Port<\/a>, quelques applaudissements et cris saluent la nouvelle. Des petits groupes se forment, le parvis se remplit petit \u00e0 petit. On partage des bi\u00e8res, des chips\u00a0: apr\u00e8s tout, c\u2019est le pot de d\u00e9part du <a href=\"https:\/\/www.20minutes.fr\/politique\/4171889-20250908-futur-premier-ministre-faure-vautrin-lombard-lecornu-darmanin-casse-tete-macron?at_medium=RSS%20feed&amp;at_campaign=ynews&amp;utm_source=yahoo&amp;utm_medium=rss&amp;utm_campaign=news_feed&amp;utm_content=in_article_link\" rel=\"nofollow noopener\" target=\"_blank\" data-ylk=\"slk:Premier ministre;elm:context_link;itc:0;sec:content-canvas\" class=\"link \">Premier ministre<\/a>.<\/p>\n<p class=\"mb-4 text-lg md:leading-8 break-words\">Jamel entonne un \u00ab\u00a0On est l\u00e0\u00a0\u00bb. Cet \u00e9tudiant des <a href=\"https:\/\/www.20minutes.fr\/dossier\/quartiers_nord?at_medium=RSS%20feed&amp;at_campaign=ynews&amp;utm_source=yahoo&amp;utm_medium=rss&amp;utm_campaign=news_feed&amp;utm_content=in_article_link\" rel=\"nofollow noopener\" target=\"_blank\" data-ylk=\"slk:quartiers Nord;elm:context_link;itc:0;sec:content-canvas\" class=\"link \">quartiers Nord<\/a> de la ville tenait \u00e0 \u00eatre pr\u00e9sent pour repr\u00e9senter un territoire mis de c\u00f4t\u00e9. <a href=\"https:\/\/www.20minutes.fr\/societe\/4170968-20250903-bloquons-tout-10-septembre-sabotages-peages-chariots-gratuits-autorites-attendent-tout?at_medium=RSS%20feed&amp;at_campaign=ynews&amp;utm_source=yahoo&amp;utm_medium=rss&amp;utm_campaign=news_feed&amp;utm_content=in_article_link\" rel=\"nofollow noopener\" target=\"_blank\" data-ylk=\"slk:Le 10 septembre,;elm:context_link;itc:0;sec:content-canvas\" class=\"link \">Le 10 septembre, <\/a>il compte se mobiliser, en d\u00e9fendant des revendications issues des assembl\u00e9es g\u00e9n\u00e9rales tenues dans les quartiers\u00a0: d\u00e9noncer leur isolement, la r\u00e9pression polici\u00e8re et la criminalisation des jeunes, la d\u00e9gradation des logements et des services publics. \u00ab\u00a0C\u2019est important d\u2019\u00eatre uni\u00a0\u00bb, souligne-t-il. A c\u00f4t\u00e9, deux jeunes approuvent. Ils viennent de d\u00e9m\u00e9nager dans la cit\u00e9 phoc\u00e9enne et cherchent \u00e0 nouer des liens avec les militants locaux, pour eux aussi s\u2019impliquer dans le mouvement.<\/p>\n<p>\u00ab\u00a0Fragilit\u00e9 du pouvoir\u00a0\u00bb<\/p>\n<p class=\"mb-4 text-lg md:leading-8 break-words\">Des tracts sont distribu\u00e9s pour annoncer un repas \u00ab\u00a0solidaire et de lutte\u00a0\u00bb \u00e0 prix libre mercredi soir. Certains s\u2019attellent \u00e0 la pr\u00e9paration de pancartes, sous l\u2019\u0153il d\u2019Olivier, membre de La France insoumise et ancien \u00ab\u00a0gilet jaune\u00a0\u00bb. Quelques tuniques fluorescentes sont d\u2019ailleurs visibles sur le parvis. Pour lui, le mouvement \u00ab\u00a0Bloquons tout\u00a0\u00bb (&#8230;)<\/p>\n<p class=\"mb-4 text-lg md:leading-8 break-words\"><a href=\"https:\/\/www.20minutes.fr\/politique\/assemblee_nationale\/4171896-20250908-vote-confiance-ciao-bayrou-marseille-pot-depart-ressemble-repetition-10-septembre?at_medium=RSS%20feed&amp;at_campaign=ynews&amp;utm_source=yahoo&amp;utm_medium=rss&amp;utm_campaign=news_feed&amp;utm_content=read_more_link&quot;\" rel=\"nofollow noopener\" target=\"_blank\" data-ylk=\"slk:Lire la suite sur 20minutes;elm:context_link;itc:0;sec:content-canvas\" class=\"link \">Lire la suite sur 20minutes<\/a><\/p>\n<p>\u00c0 lire aussi :<br \/><a href=\"https:\/\/www.20minutes.fr\/politique\/assemblee_nationale\/4171787-20250908-vote-confiance-francois-bayrou-jamais-premier-sauter?at_medium=RSS%20feed&amp;at_campaign=ynews&amp;utm_source=yahoo&amp;utm_medium=rss&amp;utm_campaign=news_feed&amp;utm_content=related_content_link\" rel=\"nofollow noopener\" target=\"_blank\" data-ylk=\"slk:Vote de confiance\u00a0: Fran\u00e7ois Bayrou, \u00e0 jamais le premier (\u00e0 sauter)\u00a0?;elm:context_link;itc:0;sec:content-canvas\" class=\"link \">Vote de confiance\u00a0: Fran\u00e7ois Bayrou, \u00e0 jamais le premier (\u00e0 sauter)\u00a0?<\/a><br \/><a href=\"https:\/\/www.20minutes.fr\/politique\/assemblee_nationale\/4171748-20250908-vote-confiance-affaire-betharram-boomers-gouvernement-bayrou-cinq-dates-marquantes?at_medium=RSS%20feed&amp;at_campaign=ynews&amp;utm_source=yahoo&amp;utm_medium=rss&amp;utm_campaign=news_feed&amp;utm_content=related_content_link\" rel=\"nofollow noopener\" target=\"_blank\" data-ylk=\"slk:Vote de confiance\u00a0: De l\u2019affaire B\u00e9tharram aux \u00ab\u00a0boomers\u00a0\u00bb, le gouvernement Bayrou en cinq dates marquantes;elm:context_link;itc:0;sec:content-canvas\" class=\"link \">Vote de confiance\u00a0: De l\u2019affaire B\u00e9tharram aux \u00ab\u00a0boomers\u00a0\u00bb, le gouvernement Bayrou en cinq dates marquantes<\/a><\/p>\n","protected":false},"excerpt":{"rendered":"bi\u00e8re de l\u2019amiti\u00e9 &#8211; Plusieurs dizaines de personnes \u00e9taient r\u00e9unies sur la place Bargemon dans le 2e\u00a0arrondissement de&hellip;\n","protected":false},"author":2,"featured_media":376246,"comment_status":"","ping_status":"","sticky":false,"template":"","format":"standard","meta":{"footnotes":""},"categories":[2814],"tags":[51004,1111,11,51005,51006,1777,674,1011,27,431,884,12,882,25],"class_list":{"0":"post-376245","1":"post","2":"type-post","3":"status-publish","4":"format-standard","5":"has-post-thumbnail","7":"category-marseille","8":"tag-2e-arrondissement-de-marseille","9":"tag-actu","10":"tag-actualites","11":"tag-bargemon","12":"tag-criminalisation-des-jeunes","13":"tag-eu","14":"tag-europe","15":"tag-fr","16":"tag-france","17":"tag-francois-bayrou","18":"tag-marseille","19":"tag-news","20":"tag-provence-alpes-cote-dazur","21":"tag-republique-francaise"},"share_on_mastodon":{"url":"https:\/\/pubeurope.com\/@fr\/115170984845958559","error":""},"_links":{"self":[{"href":"https:\/\/www.europesays.com\/fr\/wp-json\/wp\/v2\/posts\/376245","targetHints":{"allow":["GET"]}}],"collection":[{"href":"https:\/\/www.europesays.com\/fr\/wp-json\/wp\/v2\/posts"}],"about":[{"href":"https:\/\/www.europesays.com\/fr\/wp-json\/wp\/v2\/types\/post"}],"author":[{"embeddable":true,"href":"https:\/\/www.europesays.com\/fr\/wp-json\/wp\/v2\/users\/2"}],"replies":[{"embeddable":true,"href":"https:\/\/www.europesays.com\/fr\/wp-json\/wp\/v2\/comments?post=376245"}],"version-history":[{"count":0,"href":"https:\/\/www.europesays.com\/fr\/wp-json\/wp\/v2\/posts\/376245\/revisions"}],"wp:featuredmedia":[{"embeddable":true,"href":"https:\/\/www.europesays.com\/fr\/wp-json\/wp\/v2\/media\/376246"}],"wp:attachment":[{"href":"https:\/\/www.europesays.com\/fr\/wp-json\/wp\/v2\/media?parent=376245"}],"wp:term":[{"taxonomy":"category","embeddable":true,"href":"https:\/\/www.europesays.com\/fr\/wp-json\/wp\/v2\/categories?post=376245"},{"taxonomy":"post_tag","embeddable":true,"href":"https:\/\/www.europesays.com\/fr\/wp-json\/wp\/v2\/tags?post=376245"}],"curies":[{"name":"wp","href":"https:\/\/api.w.org\/{rel}","templated":true}]}}