{"id":376251,"date":"2025-09-08T22:18:16","date_gmt":"2025-09-08T22:18:16","guid":{"rendered":"https:\/\/www.europesays.com\/fr\/376251\/"},"modified":"2025-09-08T22:18:16","modified_gmt":"2025-09-08T22:18:16","slug":"profession-liberale-suivez-le-guide-2025-de-lunapl","status":"publish","type":"post","link":"https:\/\/www.europesays.com\/fr\/376251\/","title":{"rendered":"Profession lib\u00e9rale : suivez le guide 2025 de l\u2019UNAPL"},"content":{"rendered":"<p><img loading=\"lazy\" decoding=\"async\" alt=\"\u00a9UNAPL - Denis Raynal, pr\u00e9sident de l\u2019UNAPL qui vient de publier son guide 2025 de l'installation en profession lib\u00e9rale.\" data-zoom-src=\"https:\/\/www.europesays.com\/fr\/wp-content\/uploads\/2025\/09\/initial-denis-raynal-president-de-l-unapl.jpg\" data-zoomable=\"\" height=\"702\" src=\"https:\/\/www.europesays.com\/fr\/wp-content\/uploads\/2025\/09\/initial-denis-raynal-president-de-l-unapl.jpg\" width=\"1248\"\/>  <\/p>\n<p class=\"article-desc\">\u00a9UNAPL &#8211; Denis Raynal, pr\u00e9sident de l\u2019UNAPL qui vient de publier son guide 2025 de l&rsquo;installation en profession lib\u00e9rale. <\/p>\n<p><strong>L&rsquo;Union nationale des professions lib\u00e9rales <\/strong>(UNAPL) vient de publier <strong>l\u2019\u00e9dition 2025<\/strong> de son <strong>Guide de l\u2019installation,<\/strong> \u00e0 destination de tous ceux qui souhaitent franchir le pas de l\u2019exercice en <strong>profession lib\u00e9rale.<\/strong> <\/p>\n<p>Ce document est le fruit du travail des experts de l\u2019<a href=\"https:\/\/mesinfos.fr\/ile-de-france\/christophe-sans-nouveau-president-de-l-unapl-193408.html\" rel=\"noopener nofollow\" target=\"_blank\">UNAPL<\/a> qui ont tent\u00e9 de <strong>r\u00e9pondre \u00e0 toutes les questions<\/strong> que se posent les porteurs de projets sur divers sujets : <\/p>\n<ul>\n<li>\n<p>\u00c9tude de faisabilit\u00e9 et business plan,\u00a0 <\/p>\n<\/li>\n<li>\n<p>Choix du statut juridique, social et fiscal,\u00a0 <\/p>\n<\/li>\n<li>\n<p>Financement et aides \u00e0 la cr\u00e9ation (ACRE, ARCE, exon\u00e9rations\u2026),\u00a0 <\/p>\n<\/li>\n<li>\n<p>Formalit\u00e9s administratives,\u00a0 <\/p>\n<\/li>\n<li>\n<p>Organisation pratique (local professionnel, communication, partenariats). <\/p>\n<\/li>\n<\/ul>\n<p> L\u2019exercice lib\u00e9ral, un secteur dynamique et attractif, notamment chez les jeunes dipl\u00f4m\u00e9s <\/p>\n<p>En 2023, <strong>plus de 310 000 entreprises lib\u00e9rales<\/strong> ont \u00e9t\u00e9 cr\u00e9\u00e9es, preuve de <strong>l\u2019attractivit\u00e9<\/strong> et du <strong>dynamisme<\/strong> de ce secteur qui repr\u00e9sente d\u00e9sormais <strong>1,7 million d\u2019entreprises<\/strong> et plus de 3 millions d\u2019actifs en France.\u00a0 <\/p>\n<p>Par ailleurs, chaque ann\u00e9e, de plus en plus de jeunes dipl\u00f4m\u00e9s font le choix de <strong>l\u2019exercice lib\u00e9ral.<\/strong> En 2022, selon l\u2019INSEE, les <strong>jeunes ind\u00e9pendants<\/strong> sortis de formation initiale depuis 1 \u00e0 4 ans \u00e9taient deux fois plus nombreux \u00e0 exercer une profession lib\u00e9rale que leurs a\u00een\u00e9s (actifs depuis plus de 11 ans). La jeune g\u00e9n\u00e9ration est davantage s\u00e9duite par <strong>l\u2019ind\u00e9pendance<\/strong> et <strong>l\u2019\u00e9quilibre entre vie personnelle et professionnelle<\/strong> qu\u2019offre l\u2019exercice lib\u00e9ral.<\/p>\n<p> <img decoding=\"async\" alt=\"guide unapl 2025\" class=\"img-align-center img-size-limited\" data-zoomable=\"\" height=\"867\" loading=\"lazy\" src=\"https:\/\/www.europesays.com\/fr\/wp-content\/uploads\/2025\/09\/screenshot-2025-09-04-173204.png\" width=\"614\"\/> <\/p>\n<p>\u00a9UNAPL &#8211; Guide de l&rsquo;installation 2025. <\/p>\n<p> Un guide complet et pratique pour faciliter l\u2019installation des futurs professionnels lib\u00e9raux <\/p>\n<p>Le guide \u00ab\u00a0S<strong>\u2019installer en profession lib\u00e9rale 2025&Prime; <\/strong>de l\u2019<a href=\"https:\/\/mesinfos.fr\/75000-paris\/la-legaltech-venue-en-force-au-congres-de-l-unapl-215711.html\" rel=\"noopener nofollow\" target=\"_blank\">UNAPL<\/a>, gratuit et <a href=\"https:\/\/unapl.fr\/liseuse\/?id=78c33672-ae37-421c-8339-ccd9d1032159\" rel=\"noopener nofollow\" target=\"_blank\">disponible en ligne<\/a>, entend accompagner au mieux cette dynamique, et celles et ceux qui font le choix de l\u2019exercice lib\u00e9ral. Il constitue une <strong>ressource essentielle<\/strong> pour <strong>s\u00e9curiser et r\u00e9ussir son installation<\/strong> et\u00a0 <\/p>\n<p>compl\u00e8te l\u2019offre de services propos\u00e9s par l\u2019UNAPL en ce sens, notamment au travers des Maisons des professions lib\u00e9rales (MPL). <\/p>\n<p>\u201cS\u2019installer en lib\u00e9ral est une \u00e9tape \u00e0 la fois exigeante et enthousiasmante. Les professions lib\u00e9rales, leurs m\u00e9tiers et leurs valeurs attirent de plus en plus la jeune g\u00e9n\u00e9ration. Mais pour faire de cette tendance une r\u00e9ussite, il est important d\u2019aider et d\u2019encourager ceux qui font le choix du secteur lib\u00e9ral. Avec ce <strong>guide pratique et complet<\/strong>, l\u2019UNAPL donne \u00e0 chaque professionnel les cl\u00e9s pour r\u00e9ussir son projet et faire vivre le mod\u00e8le lib\u00e9ral\u201d, a indiqu\u00e9, <strong>Denis Raynal,<\/strong> pr\u00e9sident de l\u2019UNAPL. <\/p>\n<p>\u00a0<\/p>\n<p>\u00a0<\/p>\n<p>\u00a0<\/p>\n","protected":false},"excerpt":{"rendered":"\u00a9UNAPL &#8211; Denis Raynal, pr\u00e9sident de l\u2019UNAPL qui vient de publier son guide 2025 de l&rsquo;installation en profession&hellip;\n","protected":false},"author":2,"featured_media":376252,"comment_status":"","ping_status":"","sticky":false,"template":"","format":"standard","meta":{"footnotes":""},"categories":[1592],"tags":[1111,11,313,1777,674,1011,27,662,12,626,51007,25],"class_list":{"0":"post-376251","1":"post","2":"type-post","3":"status-publish","4":"format-standard","5":"has-post-thumbnail","7":"category-ile-de-france","8":"tag-actu","9":"tag-actualites","10":"tag-entreprises","11":"tag-eu","12":"tag-europe","13":"tag-fr","14":"tag-france","15":"tag-ile-de-france","16":"tag-news","17":"tag-paris","18":"tag-professions-libu00e9rales","19":"tag-republique-francaise"},"share_on_mastodon":{"url":"https:\/\/pubeurope.com\/@fr\/115171000622101531","error":""},"_links":{"self":[{"href":"https:\/\/www.europesays.com\/fr\/wp-json\/wp\/v2\/posts\/376251","targetHints":{"allow":["GET"]}}],"collection":[{"href":"https:\/\/www.europesays.com\/fr\/wp-json\/wp\/v2\/posts"}],"about":[{"href":"https:\/\/www.europesays.com\/fr\/wp-json\/wp\/v2\/types\/post"}],"author":[{"embeddable":true,"href":"https:\/\/www.europesays.com\/fr\/wp-json\/wp\/v2\/users\/2"}],"replies":[{"embeddable":true,"href":"https:\/\/www.europesays.com\/fr\/wp-json\/wp\/v2\/comments?post=376251"}],"version-history":[{"count":0,"href":"https:\/\/www.europesays.com\/fr\/wp-json\/wp\/v2\/posts\/376251\/revisions"}],"wp:featuredmedia":[{"embeddable":true,"href":"https:\/\/www.europesays.com\/fr\/wp-json\/wp\/v2\/media\/376252"}],"wp:attachment":[{"href":"https:\/\/www.europesays.com\/fr\/wp-json\/wp\/v2\/media?parent=376251"}],"wp:term":[{"taxonomy":"category","embeddable":true,"href":"https:\/\/www.europesays.com\/fr\/wp-json\/wp\/v2\/categories?post=376251"},{"taxonomy":"post_tag","embeddable":true,"href":"https:\/\/www.europesays.com\/fr\/wp-json\/wp\/v2\/tags?post=376251"}],"curies":[{"name":"wp","href":"https:\/\/api.w.org\/{rel}","templated":true}]}}