{"id":376257,"date":"2025-09-08T22:21:18","date_gmt":"2025-09-08T22:21:18","guid":{"rendered":"https:\/\/www.europesays.com\/fr\/376257\/"},"modified":"2025-09-08T22:21:18","modified_gmt":"2025-09-08T22:21:18","slug":"apartments-du-louvre-recherche-une-femme-de-chambre-experimentee","status":"publish","type":"post","link":"https:\/\/www.europesays.com\/fr\/376257\/","title":{"rendered":"Apartments du Louvre recherche une femme de chambre experiment\u00e9e"},"content":{"rendered":"<p id=\"offerText\" class=\" keep-format p-0\">Apartments du Louvre recherche une femme de chambre experiment\u00e9e disponible a partir du 15 Septembre 2025, \u00e0 temps complet. CDD 2 mois. Qualit\u00e9s importantes : sens de l&rsquo;organisation, ponctuelle, dynamique et motivee. Bonnes connaissances dans le nettoyage d\u2019appartements entiers, avec metrise de l&#8217;emploie du temps, esprit de travaille en \u00e9quipe, bonne capacit\u00e9 d\u2019adaptation. Ma\u00eetrise du fran\u00e7ais indispensable et d\u2019une langue \u00e9trang\u00e8re souhaitable (anglais, espagnol). Travail de 9h \u00e0 16h (avec une certaine flexibilit\u00e9), weekend compris, 100% du pass Navigo, prime de precarit\u00e9 et 13eme salaire au prorata. &#13;<br \/>\n&#13;<br \/>\n&#13;<\/p>\n","protected":false},"excerpt":{"rendered":"Apartments du Louvre recherche une femme de chambre experiment\u00e9e disponible a partir du 15 Septembre 2025, \u00e0 temps&hellip;\n","protected":false},"author":2,"featured_media":3470,"comment_status":"","ping_status":"","sticky":false,"template":"","format":"standard","meta":{"footnotes":""},"categories":[1888],"tags":[11,1777,674,1011,27,12,626,25],"class_list":{"0":"post-376257","1":"post","2":"type-post","3":"status-publish","4":"format-standard","5":"has-post-thumbnail","7":"category-paris","8":"tag-actualites","9":"tag-eu","10":"tag-europe","11":"tag-fr","12":"tag-france","13":"tag-news","14":"tag-paris","15":"tag-republique-francaise"},"share_on_mastodon":{"url":"https:\/\/pubeurope.com\/@fr\/115171012318383248","error":""},"_links":{"self":[{"href":"https:\/\/www.europesays.com\/fr\/wp-json\/wp\/v2\/posts\/376257","targetHints":{"allow":["GET"]}}],"collection":[{"href":"https:\/\/www.europesays.com\/fr\/wp-json\/wp\/v2\/posts"}],"about":[{"href":"https:\/\/www.europesays.com\/fr\/wp-json\/wp\/v2\/types\/post"}],"author":[{"embeddable":true,"href":"https:\/\/www.europesays.com\/fr\/wp-json\/wp\/v2\/users\/2"}],"replies":[{"embeddable":true,"href":"https:\/\/www.europesays.com\/fr\/wp-json\/wp\/v2\/comments?post=376257"}],"version-history":[{"count":0,"href":"https:\/\/www.europesays.com\/fr\/wp-json\/wp\/v2\/posts\/376257\/revisions"}],"wp:featuredmedia":[{"embeddable":true,"href":"https:\/\/www.europesays.com\/fr\/wp-json\/wp\/v2\/media\/3470"}],"wp:attachment":[{"href":"https:\/\/www.europesays.com\/fr\/wp-json\/wp\/v2\/media?parent=376257"}],"wp:term":[{"taxonomy":"category","embeddable":true,"href":"https:\/\/www.europesays.com\/fr\/wp-json\/wp\/v2\/categories?post=376257"},{"taxonomy":"post_tag","embeddable":true,"href":"https:\/\/www.europesays.com\/fr\/wp-json\/wp\/v2\/tags?post=376257"}],"curies":[{"name":"wp","href":"https:\/\/api.w.org\/{rel}","templated":true}]}}