{"id":376258,"date":"2025-09-08T22:22:20","date_gmt":"2025-09-08T22:22:20","guid":{"rendered":"https:\/\/www.europesays.com\/fr\/376258\/"},"modified":"2025-09-08T22:22:20","modified_gmt":"2025-09-08T22:22:20","slug":"luniversite-paris-cite-au-salon-studyrama-des-parents-2025","status":"publish","type":"post","link":"https:\/\/www.europesays.com\/fr\/376258\/","title":{"rendered":"L\u2019Universit\u00e9 Paris Cit\u00e9 au salon Studyrama des parents 2025"},"content":{"rendered":"<p>Le samedi 27 septembre, l\u2019Universit\u00e9 Paris Cit\u00e9 participera au salon Studyrama des parents, un rendez-vous incontournable pour aider les lyc\u00e9ennes et lyc\u00e9ens \u00e0 pr\u00e9parer leur orientation.<\/p>\n<p>\t\t\t\t<img decoding=\"async\" src=\"https:\/\/www.europesays.com\/fr\/wp-content\/uploads\/2025\/09\/Studyrama1.jpg\" alt=\"\"\/><\/p>\n<p>\t\t\t\t\tInformer et conseiller<\/p>\n<p>Dans le cadre de sa mission d\u2019information et d\u2019aide \u00e0 l\u2019orientation du public du secondaire, l\u2019universit\u00e9 Paris Cit\u00e9 est engag\u00e9e \u00e0 travers le P\u00f4le de l\u2019Orientation et de la Professionnalisation dans le Programme Investissement Avenir\u00a0<a href=\"https:\/\/oraccle.fr\/oraccle\/\" rel=\"nofollow noopener\" target=\"_blank\">ORACCLE (Orientation R\u00e9gionale pour l\u2019Accompagnement du Continuum Lyc\u00e9ens Etudiants)<\/a>. L\u2019objectif est de \u00ab\u00a0f\u00e9d\u00e9rer les acteurs de l\u2019orientation et de co-construire un \u00e9cosyst\u00e8me de l\u2019orientation \u00e0 l\u2019\u00e9chelle de l\u2019\u00cele-de-France pour mettre \u00e0 disposition des \u00e9l\u00e8ves et de leurs familles tous les \u00e9l\u00e9ments d\u2019information n\u00e9cessaires \u00e0 la construction d\u2019un parcours de formation \u00e9clair\u00e9.<\/p>\n<p>\u00c0 ce titre, le P\u00f4le de l\u2019Orientation et de la professionnalisation sera pr\u00e9sent sur le salon Studyrama aux c\u00f4t\u00e9s des universit\u00e9s franciliennes sur un village d\u00e9di\u00e9 pour informer et conseiller les lyc\u00e9ennes, les lyc\u00e9ens et leurs parents sur l\u2019offre de formation universitaire en Ile-de-France.<strong\/><\/p>\n<blockquote>\n<p>Vous souhaitez accompagner vos enfants \u00e0 trouver leur voie en les aiguillant dans leurs recherches et ainsi les encourager \u00e0 trouver la formation id\u00e9ale pour leur projet professionnel ? L\u2019universit\u00e9 Paris Cit\u00e9 vous donne rendez-vous le 27 septembre 2025 :<br \/><strong>PARIS EVENT CENTER \u2013 HALL B<br \/><\/strong>20\u00a0avenue de la Porte de la Villette<br \/>75019\u00a0 Paris<\/p>\n<\/blockquote>\n","protected":false},"excerpt":{"rendered":"Le samedi 27 septembre, l\u2019Universit\u00e9 Paris Cit\u00e9 participera au salon Studyrama des parents, un rendez-vous incontournable pour aider&hellip;\n","protected":false},"author":2,"featured_media":376259,"comment_status":"","ping_status":"","sticky":false,"template":"","format":"standard","meta":{"footnotes":""},"categories":[1888],"tags":[11,1777,674,1011,27,12,626,25],"class_list":{"0":"post-376258","1":"post","2":"type-post","3":"status-publish","4":"format-standard","5":"has-post-thumbnail","7":"category-paris","8":"tag-actualites","9":"tag-eu","10":"tag-europe","11":"tag-fr","12":"tag-france","13":"tag-news","14":"tag-paris","15":"tag-republique-francaise"},"share_on_mastodon":{"url":"https:\/\/pubeurope.com\/@fr\/115171016312108137","error":""},"_links":{"self":[{"href":"https:\/\/www.europesays.com\/fr\/wp-json\/wp\/v2\/posts\/376258","targetHints":{"allow":["GET"]}}],"collection":[{"href":"https:\/\/www.europesays.com\/fr\/wp-json\/wp\/v2\/posts"}],"about":[{"href":"https:\/\/www.europesays.com\/fr\/wp-json\/wp\/v2\/types\/post"}],"author":[{"embeddable":true,"href":"https:\/\/www.europesays.com\/fr\/wp-json\/wp\/v2\/users\/2"}],"replies":[{"embeddable":true,"href":"https:\/\/www.europesays.com\/fr\/wp-json\/wp\/v2\/comments?post=376258"}],"version-history":[{"count":0,"href":"https:\/\/www.europesays.com\/fr\/wp-json\/wp\/v2\/posts\/376258\/revisions"}],"wp:featuredmedia":[{"embeddable":true,"href":"https:\/\/www.europesays.com\/fr\/wp-json\/wp\/v2\/media\/376259"}],"wp:attachment":[{"href":"https:\/\/www.europesays.com\/fr\/wp-json\/wp\/v2\/media?parent=376258"}],"wp:term":[{"taxonomy":"category","embeddable":true,"href":"https:\/\/www.europesays.com\/fr\/wp-json\/wp\/v2\/categories?post=376258"},{"taxonomy":"post_tag","embeddable":true,"href":"https:\/\/www.europesays.com\/fr\/wp-json\/wp\/v2\/tags?post=376258"}],"curies":[{"name":"wp","href":"https:\/\/api.w.org\/{rel}","templated":true}]}}