{"id":376260,"date":"2025-09-08T22:23:11","date_gmt":"2025-09-08T22:23:11","guid":{"rendered":"https:\/\/www.europesays.com\/fr\/376260\/"},"modified":"2025-09-08T22:23:11","modified_gmt":"2025-09-08T22:23:11","slug":"ukraine-rester-a-kramatorsk-malgre-le-danger-quotidien-des-bombes-russes","status":"publish","type":"post","link":"https:\/\/www.europesays.com\/fr\/376260\/","title":{"rendered":"Ukraine: rester \u00e0 Kramatorsk, malgr\u00e9 le danger quotidien des bombes russes"},"content":{"rendered":"<p>\n                                                La Russie a pour but avou\u00e9 d&rsquo;occuper la totalit\u00e9 de la r\u00e9gion de Donetsk. Or, on ne parle pas uniquement de territoire. Rien que dans les agglom\u00e9rations de Kramatorsk et Sloviansk, il reste encore pr\u00e8s de 100\u00a0000\u00a0personnes, et ces villes aux allures de garnison sont les derni\u00e8res grandes forteresses du Donbass \u00e0 l&rsquo;arri\u00e8re du front, qui se rapproche pourtant inexorablement.                    <\/p>\n<p>Reportage \u00e0 Kramatorsk de notre correspondante\u00a0<\/p>\n<p>Nous sommes \u00e0 Kramatorsk, \u00e0 une quinzaine de kilom\u00e8tres seulement du front, presque \u00e0 port\u00e9e d&rsquo;artillerie, et d\u00e9finitivement \u00e0 port\u00e9e des drones russes. Ici, les drapeaux ukrainiens, bleus et jaunes flottent dans toutes les rues. Une \u00e9ni\u00e8me sir\u00e8ne retentit. Impossible chaque jour de les compter tant elles sont nombreuses, pourtant ici, malgr\u00e9 la pr\u00e9sence de bunkers en b\u00e9ton \u00e0 travers la ville, plus personne n&rsquo;y pr\u00eate attention ni ne s&rsquo;abrite. Dans ce supermarch\u00e9 du centre-ville, o\u00f9 l&rsquo;on trouve d\u00e9sormais autant de soldats que de civils, Luda, une caissi\u00e8re, explique\u00a0: \u00ab\u00a0Eh bien, je voudrais rester ici, dans ma maison. Je ne veux aller nulle part ailleurs, vous comprenez\u00a0? J&rsquo;ai travaill\u00e9 ici toute ma vie, j&rsquo;ai mes enfants, mes petits-enfants\u2026\u00a0\u00bb<\/p>\n<p class=\"a-read-more\">\u00c0 lire aussi<a href=\"https:\/\/www.rfi.fr\/fr\/europe\/20250705-ukraine-kramatorsk-ville-entre-la-menace-de-la-destruction-et-le-spectre-d-une-nouvelle-occupation\" target=\"_self\" class=\"a-read-more__link\" rel=\"noopener\">Ukraine: \u00e0 Kramatorsk, une ville entre la menace de la destruction et le spectre d&rsquo;une nouvelle occupation<\/a><\/p>\n<p>\u00c0 quelques rues de l\u00e0, sous-sol, nous retrouvons Anja, une v\u00e9t\u00e9rinaire. Pour elle non plus, il n&rsquo;est pas encore question de partir\u00a0: \u00ab\u00a0Il y a beaucoup de monde qui est venu ici, bien s\u00fbr, ils sont venus de toute la r\u00e9gion de Donetsk. Ils sont venus s&rsquo;installer, ici, \u00e0 Kramatorsk, mais aussi \u00e0 Sloviansk. On va partir, mais pas encore.\u00a0\u00bb Pourquoi\u00a0? \u00ab\u00a0Eh bien, pas encore, on est d\u00e9j\u00e0 partis de l\u00e0 o\u00f9 nous vivions, \u00e0 Lyman, c&rsquo;est dans l&rsquo;autre direction, c&rsquo;est juste que nous vivons ici depuis trois ans maintenant, enfin un peu moins. Et pendant longtemps, \u00e7a allait. Pour l&rsquo;instant, \u00e7a va encore, mais on a un enfant, donc on ne sait pas trop quoi faire. On partira probablement \u00e0 un moment.\u00a0\u00bb<\/p>\n<p> Rester, faute de mieux <\/p>\n<p>Dasha, elle, est jeune maman. Malgr\u00e9 les explosions devenues quotidiennes, elle ne voit aucune perspective loin d&rsquo;ici\u00a0: \u00ab\u00a0Effrayant, oui\u00a0! Mais que faire\u00a0? Qui a besoin de nous\u00a0? Les loyers sont chers ces temps-ci, et je suis m\u00e8re c\u00e9libataire. Il n&rsquo;y a personne pour m&rsquo;aider\u00a0!\u00a0\u00bb<\/p>\n<p>Dans le bazar de la ville, on retrouve des personnes \u00e2g\u00e9es, qui \u00e9talent les r\u00e9coltes de leur jardin, herbes, fruits et l\u00e9gumes. Parfois, m\u00eame leurs effets personnels qu&rsquo;ils essaient de vendre afin de boucler les fins de mois. Eux n&rsquo;ont tout simplement pas les moyens financiers pour fuir. C&rsquo;est sur cette population que p\u00e8se le danger quotidien des bombes russes, ainsi que la perspective d&rsquo;une nouvelle invasion, dans cette ville d\u00e9j\u00e0 occup\u00e9e pendant quelques mois par les s\u00e9paratistes soutenus par Moscou en\u00a02014.<\/p>\n","protected":false},"excerpt":{"rendered":"La Russie a pour but avou\u00e9 d&rsquo;occuper la totalit\u00e9 de la r\u00e9gion de Donetsk. Or, on ne parle&hellip;\n","protected":false},"author":2,"featured_media":376261,"comment_status":"","ping_status":"","sticky":false,"template":"","format":"standard","meta":{"footnotes":""},"categories":[1591],"tags":[11,554,674,1887,12,2436,1885,1886,132,220],"class_list":{"0":"post-376260","1":"post","2":"type-post","3":"status-publish","4":"format-standard","5":"has-post-thumbnail","7":"category-russie","8":"tag-actualites","9":"tag-defense","10":"tag-europe","11":"tag-federation-de-russie","12":"tag-news","13":"tag-reportage-international","14":"tag-russia","15":"tag-russian-federation","16":"tag-russie","17":"tag-ukraine"},"share_on_mastodon":{"url":"https:\/\/pubeurope.com\/@fr\/115171020183078384","error":""},"_links":{"self":[{"href":"https:\/\/www.europesays.com\/fr\/wp-json\/wp\/v2\/posts\/376260","targetHints":{"allow":["GET"]}}],"collection":[{"href":"https:\/\/www.europesays.com\/fr\/wp-json\/wp\/v2\/posts"}],"about":[{"href":"https:\/\/www.europesays.com\/fr\/wp-json\/wp\/v2\/types\/post"}],"author":[{"embeddable":true,"href":"https:\/\/www.europesays.com\/fr\/wp-json\/wp\/v2\/users\/2"}],"replies":[{"embeddable":true,"href":"https:\/\/www.europesays.com\/fr\/wp-json\/wp\/v2\/comments?post=376260"}],"version-history":[{"count":0,"href":"https:\/\/www.europesays.com\/fr\/wp-json\/wp\/v2\/posts\/376260\/revisions"}],"wp:featuredmedia":[{"embeddable":true,"href":"https:\/\/www.europesays.com\/fr\/wp-json\/wp\/v2\/media\/376261"}],"wp:attachment":[{"href":"https:\/\/www.europesays.com\/fr\/wp-json\/wp\/v2\/media?parent=376260"}],"wp:term":[{"taxonomy":"category","embeddable":true,"href":"https:\/\/www.europesays.com\/fr\/wp-json\/wp\/v2\/categories?post=376260"},{"taxonomy":"post_tag","embeddable":true,"href":"https:\/\/www.europesays.com\/fr\/wp-json\/wp\/v2\/tags?post=376260"}],"curies":[{"name":"wp","href":"https:\/\/api.w.org\/{rel}","templated":true}]}}