{"id":376276,"date":"2025-09-08T22:31:10","date_gmt":"2025-09-08T22:31:10","guid":{"rendered":"https:\/\/www.europesays.com\/fr\/376276\/"},"modified":"2025-09-08T22:31:10","modified_gmt":"2025-09-08T22:31:10","slug":"de-sensation-a-leuro-2016-a-des-scandales-sexuels-la-terrible-trajectoire-de-lislande-futur-adversaire-des-bleus","status":"publish","type":"post","link":"https:\/\/www.europesays.com\/fr\/376276\/","title":{"rendered":"De sensation \u00e0 l\u2019Euro 2016 \u00e0 des scandales sexuels, la terrible trajectoire de l\u2019Islande, futur adversaire des Bleus"},"content":{"rendered":"<p>Ce mardi, la campagne de qualification de l\u2019\u00e9quipe de <a href=\"https:\/\/www.footmercato.net\/selection\/france\/\" rel=\"nofollow noopener\" target=\"_blank\">France<\/a> verra les Bleus de Didier Deschamps affronter l\u2019Islande pour la premi\u00e8re place de son groupe. Apr\u00e8s leur victoire 2-0 contre l\u2019Ukraine, les Tricolores vont croiser le fer avec des Str\u00e1karnir okkar qui n\u2019ont fait qu\u2019une bouch\u00e9e de l\u2019Azerba\u00efdjan (5-0). Un d\u00e9but parfait pour l\u2019Islande qui conna\u00eet un nouveau cycle avec l\u2019\u00e9mergence d\u2019une nouvelle s\u00e9lection. Parmi ces nouveaux hommes forts, on compte \u00e9videmment le Lillois Hakon Haraldsson ou Albert Gudmundsson qui \u00e9volue du c\u00f4t\u00e9 de la Fiorentina. Il y a \u00e9galement Andri et Daniel, les fils de la l\u00e9gende Eidur Gudjohnsen qui \u00e9voluent en attaque. <\/p>\n<p>            La suite apr\u00e8s cette publicit\u00e9<\/p>\n<p>Avec ces joueurs, l\u2019Islande entend bien relever la t\u00eate apr\u00e8s quelques ann\u00e9es compliqu\u00e9es. En effet, depuis son quart de finale \u00e0 l\u2019Euro 2016 et la qualification historique pour la Coupe du monde 2018, la formation insulaire a connu une baisse de niveau. Cela s\u2019explique bien entendu par le vieillissement de sa g\u00e9n\u00e9ration dor\u00e9e. Dans l\u2019\u00e9quipe actuelle, seuls Sverrir Ingi Ingason et H\u00f6r\u00f0ur Magn\u00fasson ont disput\u00e9 l\u2019Euro 2016. Mais aussi par la perte de l\u2019unit\u00e9 autour de cette \u00e9quipe nationale qui a apport\u00e9 un bon bol d\u2019air frais venu du Nord. Avec son clapping et ses vagues bleues dans les tribunes, l\u2019Islande \u00e9tait ce David du football qui arrive \u00e0 renverser Goliath \u00e0 l\u2019instar de cette victoire 2-1 magique contre l\u2019Angleterre \u00e0 l\u2019Euro 2016 ou ce nul contre l\u2019Argentine (0-0) \u00e0 la Coupe du monde 2018. Depuis, l\u2019Islande n\u2019a pas disput\u00e9 la moindre comp\u00e9tition internationale.<\/p>\n<p>        Viols et agressions sexuelles, la f\u00e9d\u00e9ration a couvert<\/p>\n<p>Outre ce d\u00e9clin sportif, c\u2019est l\u2019image de cette \u00e9quipe qui a \u00e9t\u00e9 d\u00e9t\u00e9rior\u00e9e. Star de l\u2019\u00e9quipe et joueur important de Premier League, Gylfi Sigur\u00f0sson a \u00e9t\u00e9 accus\u00e9 d\u2019abus sexuel sur mineur. Rest\u00e9 presque trois ans sans jouer, il a ensuite rebondi \u00e0 Lyngby, Valur et Vikingur. Il a pu retrouver la s\u00e9lection en octobre 2023 puis entre septembre et octobre 2024. Si les poursuites ont pris fin pour le joueur de 36 ans, sa fin de carri\u00e8re et son image n\u2019ont plus \u00e9t\u00e9 les m\u00eames. Mais ce n\u2019est clairement pas le seul cas qui a \u00e9corn\u00e9 l\u2019image du football islandais. Ainsi, \u00de\u00f3rhildur Gy\u00f0a Arnarsd\u00f3ttir a d\u00e9voil\u00e9 qu\u2019elle avait \u00e9t\u00e9 agress\u00e9e en 2017 tout comme amie par un international islandais. Le pr\u00e9sident de la f\u00e9d\u00e9ration Gu\u00f0ni Bergsson a couvert l\u2019affaire et il a \u00e9t\u00e9 pouss\u00e9 \u00e0 quitter la f\u00e9d\u00e9ration avec 15 personnes. <\/p>\n<p>            La suite apr\u00e8s cette publicit\u00e9<\/p>\n<p>\u00abIl m\u2019a demand\u00e9 si j\u2019\u00e9tais pr\u00eat \u00e0 signer un accord de non-divulgation et \u00e0 recevoir une restitution mon\u00e9taire. Et j\u2019ai naturellement dit non. J\u2019ai quand m\u00eame re\u00e7u un autre appel t\u00e9l\u00e9phonique d\u2019un autre avocat qui m\u2019a invit\u00e9 \u00e0 une r\u00e9union o\u00f9 le membre de l\u2019\u00e9quipe nationale voulait s\u2019excuser. Il s\u2019est excus\u00e9 et a admis ce qu\u2019il m\u2019avait fait. Il ne mettait en doute rien\u00bb avait d\u2019ailleurs expliqu\u00e9 \u00de\u00f3rhildur Gy\u00f0a Arnarsd\u00f3ttir \u00e0 RUV. Le joueur accus\u00e9 n\u2019\u00e9tait pas n\u2019importe lequel puisqu\u2019il s\u2019agissait du meilleur buteur de la s\u00e9lection, l\u2019ancien Nantais Kolbeinn Sig\u00fe\u00f3rsson (26 buts en 64 matches). D\u00e9sormais \u00e0 la retraite depuis 2022, il avait \u00e9t\u00e9 pouss\u00e9 \u00e0 la sortie par son club de l\u2019IFK G\u00f6teborg. Mais ce n\u2019est pas un cas isol\u00e9 et d\u2019autres joueurs ont \u00e9t\u00e9 couverts comme le rapportait <a href=\"https:\/\/theathletic.com\/2902465\/2021\/10\/27\/the-viking-clap-is-ruined-forever-icelandic-footballs-sex-abuse-scandal\/\" rel=\"nofollow noopener\" target=\"_blank\">The Athletic<\/a>.<\/p>\n<p>C\u2019est le cas du capitaine historique Aron Gunnarsson et du d\u00e9fenseur Eggert J\u00f3nsson qui auraient commis un viol dans un h\u00f4tel de Copenhague en 2010 sur une Islandaise. \u00abEn 2010, j\u2019ai \u00e9t\u00e9 viol\u00e9e par deux hommes islandais \u00e0 l\u2019\u00e9tranger. J\u2019avais bu de l\u2019alcool, mais je soup\u00e7onne que quelqu\u2019un a mis quelque chose dans mon verre, cela aurait pu \u00eatre n\u2019importe qui. Pour faire une longue et mis\u00e9rable histoire courte, j\u2019ai vomi sur l\u2019un d\u2019entre eux dans le taxi sur le chemin de leur h\u00f4tel, puis \u00e0 nouveau sur le lit de l\u2019h\u00f4tel, mais ils ne se sont pas laiss\u00e9s arr\u00eater et se sont relay\u00e9s pour me violer pendant que je me couchais. Au lit sans pantalon avec du vomi dans les cheveux, le visage et les v\u00eatements\u2026\u00bb, avait d\u00e9clar\u00e9 la victime dans un communiqu\u00e9 sur Instagram. R\u00fanar M\u00e1r Sigurj\u00f3nsson lui aussi a \u00e9t\u00e9 accus\u00e9 d\u2019agression sexuelle. <a href=\"https:\/\/www.footmercato.net\/a7838052635415736638-la-terrible-descente-aux-enfers-de-la-selection-islandaise-et-de-sa-generation-doree\" rel=\"nofollow noopener\" target=\"_blank\">Ces diff\u00e9rents joueurs n\u2019ont pas \u00e9t\u00e9 condamn\u00e9s.<\/a> Et la nouvelle coqueluche Albert Gudmundsonn a lui aussi \u00e9t\u00e9 accus\u00e9e de viol avant finalement d\u2019\u00eatre d\u00e9clar\u00e9e innocent par le tribunal de Reykjav\u00edk. Apr\u00e8s ces scandales sexuels, l\u2019Islande d\u00e9sormais de relever la t\u00eate et d\u2019\u00e9crire \u00e0 nouveau une belle histoire comme elle l\u2019a pu faire par le pass\u00e9.<\/p>\n<p>\n    Pub. le 08\/09\/2025 21:00<br \/>\n            &#8211; MAJ le 09\/09\/2025 00:22\n    <\/p>\n","protected":false},"excerpt":{"rendered":"Ce mardi, la campagne de qualification de l\u2019\u00e9quipe de France verra les Bleus de Didier Deschamps affronter l\u2019Islande&hellip;\n","protected":false},"author":2,"featured_media":376277,"comment_status":"","ping_status":"","sticky":false,"template":"","format":"standard","meta":{"footnotes":""},"categories":[2],"tags":[11,1011,27,12,25],"class_list":{"0":"post-376276","1":"post","2":"type-post","3":"status-publish","4":"format-standard","5":"has-post-thumbnail","7":"category-actualites","8":"tag-actualites","9":"tag-fr","10":"tag-france","11":"tag-news","12":"tag-republique-francaise"},"share_on_mastodon":{"url":"https:\/\/pubeurope.com\/@fr\/115171051748358757","error":""},"_links":{"self":[{"href":"https:\/\/www.europesays.com\/fr\/wp-json\/wp\/v2\/posts\/376276","targetHints":{"allow":["GET"]}}],"collection":[{"href":"https:\/\/www.europesays.com\/fr\/wp-json\/wp\/v2\/posts"}],"about":[{"href":"https:\/\/www.europesays.com\/fr\/wp-json\/wp\/v2\/types\/post"}],"author":[{"embeddable":true,"href":"https:\/\/www.europesays.com\/fr\/wp-json\/wp\/v2\/users\/2"}],"replies":[{"embeddable":true,"href":"https:\/\/www.europesays.com\/fr\/wp-json\/wp\/v2\/comments?post=376276"}],"version-history":[{"count":0,"href":"https:\/\/www.europesays.com\/fr\/wp-json\/wp\/v2\/posts\/376276\/revisions"}],"wp:featuredmedia":[{"embeddable":true,"href":"https:\/\/www.europesays.com\/fr\/wp-json\/wp\/v2\/media\/376277"}],"wp:attachment":[{"href":"https:\/\/www.europesays.com\/fr\/wp-json\/wp\/v2\/media?parent=376276"}],"wp:term":[{"taxonomy":"category","embeddable":true,"href":"https:\/\/www.europesays.com\/fr\/wp-json\/wp\/v2\/categories?post=376276"},{"taxonomy":"post_tag","embeddable":true,"href":"https:\/\/www.europesays.com\/fr\/wp-json\/wp\/v2\/tags?post=376276"}],"curies":[{"name":"wp","href":"https:\/\/api.w.org\/{rel}","templated":true}]}}