{"id":376298,"date":"2025-09-08T22:44:10","date_gmt":"2025-09-08T22:44:10","guid":{"rendered":"https:\/\/www.europesays.com\/fr\/376298\/"},"modified":"2025-09-08T22:44:10","modified_gmt":"2025-09-08T22:44:10","slug":"pechbusque-les-livres-tiennent-salon-ce-week-end","status":"publish","type":"post","link":"https:\/\/www.europesays.com\/fr\/376298\/","title":{"rendered":"Pechbusque. Les livres tiennent salon ce week-end !"},"content":{"rendered":"<p>Les 13 et 14 septembre prochains, l\u2019association \u00ab\u00a0Th\u00e9 \u00e0 la Pech\u2019\u00a0\u00bb, salon de th\u00e9, biblioth\u00e8que et ludoth\u00e8que \u00e0 but non lucratif, ouvre ses portes pour la premi\u00e8re \u00e9dition de son salon du livre. Rendez-vous est donn\u00e9 au 18, grand rue de la Mairie, \u00e0 Pechbusque, juste derri\u00e8re la mairie. L\u2019entr\u00e9e est libre et gratuite pour tous.<\/p>\n<p>    Dix auteurs au programme<\/p>\n<p>Pendant deux jours, dix auteurs et autrices seront pr\u00e9sents pour \u00e9changer avec le public. Au programme : romans de tous genres (romance, fantasy m\u00e9di\u00e9vale\u2026), bandes dessin\u00e9es et litt\u00e9ratures pour tous les \u00e2ges. Les visiteurs pourront assister \u00e0 des s\u00e9ances de d\u00e9dicaces, participer \u00e0 des \u00e9changes questions-r\u00e9ponses, ou encore d\u00e9couvrir des mini-conf\u00e9rences autour de l\u2019\u00e9criture et des sources d\u2019inspiration. Des moments ludiques viendront \u00e9galement rythmer ce week-end plac\u00e9 sous le signe de la convivialit\u00e9.<\/p>\n<p>Pour se restaurer, plusieurs options seront propos\u00e9es. Le samedi midi et soir, le food-truck Asian Street Cook ravira les amateurs de saveurs asiatiques. Le dimanche midi, place \u00e0 la cuisine malgache avec le food-truck Tzak-Tzak Madagascar Street Food. Et bien s\u00fbr, tout au long du week-end, le salon de th\u00e9 proposera boissons chaudes et p\u00e2tisseries maison : cr\u00eapes, brownies, cookies, muffins\u2026 De quoi satisfaire toutes les gourmandises.<\/p>\n<p>Un temps fort musical le samedi soir : le clou du week-end aura lieu le samedi \u00e0 20 h 15, avec un concert de harpe celtique et de chant donn\u00e9 par l\u2019autrice Morgan of Glencoe. Une occasion unique de d\u00e9couvrir son univers artistique intimiste.<\/p>\n<p>Pour plus d\u2019informations et pour d\u00e9couvrir les auteurs pr\u00e9sents, rendez-vous sur Instagram : @thealapech. Ouverture du salon le samedi de 10 heures \u00e0 19 heures, et le dimanche de 10 heures \u00e0 18 heures. Entr\u00e9e gratuite, ouverte \u00e0 tous les \u00e2ges.<\/p>\n","protected":false},"excerpt":{"rendered":"Les 13 et 14 septembre prochains, l\u2019association \u00ab\u00a0Th\u00e9 \u00e0 la Pech\u2019\u00a0\u00bb, salon de th\u00e9, biblioth\u00e8que et ludoth\u00e8que \u00e0&hellip;\n","protected":false},"author":2,"featured_media":376299,"comment_status":"","ping_status":"","sticky":false,"template":"","format":"standard","meta":{"footnotes":""},"categories":[1357],"tags":[1379,58,59,1011,27,1380],"class_list":{"0":"post-376298","1":"post","2":"type-post","3":"status-publish","4":"format-standard","5":"has-post-thumbnail","7":"category-livres","8":"tag-books","9":"tag-divertissement","10":"tag-entertainment","11":"tag-fr","12":"tag-france","13":"tag-livres"},"share_on_mastodon":{"url":"https:\/\/pubeurope.com\/@fr\/115171102853628699","error":""},"_links":{"self":[{"href":"https:\/\/www.europesays.com\/fr\/wp-json\/wp\/v2\/posts\/376298","targetHints":{"allow":["GET"]}}],"collection":[{"href":"https:\/\/www.europesays.com\/fr\/wp-json\/wp\/v2\/posts"}],"about":[{"href":"https:\/\/www.europesays.com\/fr\/wp-json\/wp\/v2\/types\/post"}],"author":[{"embeddable":true,"href":"https:\/\/www.europesays.com\/fr\/wp-json\/wp\/v2\/users\/2"}],"replies":[{"embeddable":true,"href":"https:\/\/www.europesays.com\/fr\/wp-json\/wp\/v2\/comments?post=376298"}],"version-history":[{"count":0,"href":"https:\/\/www.europesays.com\/fr\/wp-json\/wp\/v2\/posts\/376298\/revisions"}],"wp:featuredmedia":[{"embeddable":true,"href":"https:\/\/www.europesays.com\/fr\/wp-json\/wp\/v2\/media\/376299"}],"wp:attachment":[{"href":"https:\/\/www.europesays.com\/fr\/wp-json\/wp\/v2\/media?parent=376298"}],"wp:term":[{"taxonomy":"category","embeddable":true,"href":"https:\/\/www.europesays.com\/fr\/wp-json\/wp\/v2\/categories?post=376298"},{"taxonomy":"post_tag","embeddable":true,"href":"https:\/\/www.europesays.com\/fr\/wp-json\/wp\/v2\/tags?post=376298"}],"curies":[{"name":"wp","href":"https:\/\/api.w.org\/{rel}","templated":true}]}}