{"id":376305,"date":"2025-09-08T22:48:10","date_gmt":"2025-09-08T22:48:10","guid":{"rendered":"https:\/\/www.europesays.com\/fr\/376305\/"},"modified":"2025-09-08T22:48:10","modified_gmt":"2025-09-08T22:48:10","slug":"cette-habitude-tres-mauvaise-pour-la-sante-augmente-le-taux-de-progression-de-la-tumeur-les-chercheurs-sont-inquiets","status":"publish","type":"post","link":"https:\/\/www.europesays.com\/fr\/376305\/","title":{"rendered":"cette habitude tr\u00e8s mauvaise pour la sant\u00e9 augmente le taux de progression de la tumeur, les chercheurs sont inquiets"},"content":{"rendered":"<p>Le cancer du pancr\u00e9as est l&rsquo;un des cancers les plus mortels. Une \u00e9tude am\u00e9ricaine r\u00e9cente met en lumi\u00e8re l&rsquo;impact aggravant de cette habitude sur l&rsquo;\u00e9volution de cette maladie.<\/p>\n<p>Le cancer du pancr\u00e9as, surnomm\u00e9 le \u00ab tueur silencieux \u00bb, reste <a href=\"https:\/\/www.pleinevie.fr\/sante\/explosion-du-cancer-du-pancreas-en-france-ce-poison-present-dans-vos-pates-et-legumes-en-cause-denonce-ce-medecin-169349.html\" rel=\"nofollow noopener\" target=\"_blank\">l\u2019un des cancers les plus redoutables<\/a> : il cause plus de 400 000 d\u00e9c\u00e8s chaque ann\u00e9e \u00e0 l&rsquo;\u00e9chelle mondiale. Une nouvelle \u00e9tude am\u00e9ricaine r\u00e9v\u00e8le qu&rsquo;une sale habitude tr\u00e8s r\u00e9pandue ne se contente pas d\u2019augmenter le risque de d\u00e9velopper la maladie : il aggrave aussi son \u00e9volution !<\/p>\n<p>     Cette habitude multiplie le risque de cancer du pancr\u00e9as : les m\u00e9decins r\u00e9clament un d\u00e9pistage pr\u00e9coce    Le cancer du pancr\u00e9as, une maladie difficile \u00e0 d\u00e9tecter  Souvent diagnostiqu\u00e9 trop tard, le cancer du pancr\u00e9as pr\u00e9sente des <a href=\"https:\/\/www.pleinevie.fr\/sante\/cancer-du-pancreas-3-ans-avant-le-diagnostic-le-corps-envoie-deja-ces-signaux-cles-ce-sont-souvent-des-symptomes-banalises-164876.html\" rel=\"nofollow noopener\" target=\"_blank\">sympt\u00f4mes discrets<\/a> comme la jaunisse (yeux et peau jaun\u00e2tres), des d\u00e9mangeaisons, une perte de poids involontaire, des <a href=\"https:\/\/www.pleinevie.fr\/sante\/manger-declenche-des-douleurs-isabelle-59-ans-raconte-son-combat-contre-un-cancer-du-pancreas-avance-164946.html\" rel=\"nofollow noopener\" target=\"_blank\">troubles digestifs<\/a> (ballonnements, constipation) ou une urine plus fonc\u00e9e. Selon l&rsquo;organisme Cancer Research UK, pr\u00e8s de 22 % des cas sont li\u00e9s au tabac et 12 % \u00e0 l\u2019ob\u00e9sit\u00e9. On sait \u00e9galement, depuis peu, que la consommation excessive d&rsquo;alcool entra\u00eene des risques de cancer du pancr\u00e9as.\u00a0   Cancer du pancr\u00e9as : un acc\u00e9l\u00e9rateur de croissance des tumeurs   Cancer du pancr\u00e9as : vers un d\u00e9pistage cibl\u00e9 pour les fumeurs ?  <\/p>\n<p>Des chercheurs de l\u2019<strong>Universit\u00e9 du Michigan<\/strong> ont d\u00e9couvert que les toxines pr\u00e9sentes dans la cigarette modifient le comportement des tumeurs. Expos\u00e9s \u00e0 ces substances, les cancers se d\u00e9veloppent plus rapidement et se propagent dans tout le corps. \u00ab\u00a0Les fumeurs devraient \u00eatre inform\u00e9s des sympt\u00f4mes \u00e0 surveiller et envisager un suivi dans des cliniques sp\u00e9cialis\u00e9es \u00e0 haut risque\u00a0\u00bb, pr\u00e9cise le professeur Timothy Frankel, chirurgien oncologue, comme on peut le lire dans les colonnes du site britannique <a href=\"https:\/\/www.dailymail.co.uk\/health\/article-15065281\/smoking-pancreatic-cancer-screening.html\" rel=\"nofollow noopener\" target=\"_blank\">The Daily Mail<\/a>.<\/p>\n<p>     Les chercheurs sugg\u00e8rent qu\u2019un <strong>d\u00e9pistage pr\u00e9coce<\/strong> des fumeurs pourrait sauver des vies. Si le cancer est d\u00e9tect\u00e9 avant de se propager, <a href=\"https:\/\/www.pleinevie.fr\/sante\/cancer-du-pancreas-ces-2-symptomes-auraient-du-mettre-la-puce-a-loreille-de-mon-papa-qui-a-ete-emporte-en-12-semaines-seulement-164714.html\" rel=\"nofollow noopener\" target=\"_blank\">un patient sur deux survit<\/a> au moins un an. Mais lorsque la maladie est d\u00e9j\u00e0 avanc\u00e9e, seule une personne sur dix atteint cette esp\u00e9rance. L\u2019\u00e9tude montre aussi qu\u2019un inhibiteur capable de bloquer les toxines li\u00e9es au tabac pourrait r\u00e9duire la taille des tumeurs. \u00c0 terme, cette approche pourrait \u00eatre associ\u00e9e \u00e0 l\u2019<strong>immunoth\u00e9rapie<\/strong>, aujourd\u2019hui peu efficace contre ce type de cancer.      Quels sont les premiers sympt\u00f4mes du cancer du pancr\u00e9as ?   <\/p>\n<p>Jaunisse, d\u00e9mangeaisons, perte de poids soudaine, troubles digestifs et urine fonc\u00e9e peuvent \u00eatre des signes pr\u00e9coces. Cette maladie est surnomm\u00e9e le \u00ab\u00a0tueur silencieux\u00a0\u00bb car <a href=\"https:\/\/www.pleinevie.fr\/sante\/cancer-du-pancreas-il-etait-en-pleine-forme-et-pourtant-aujourdhui-en-phase-terminale-ce-sportif-met-en-garde-sur-cette-douleur-quil-a-ignore-164499.html\" rel=\"nofollow noopener\" target=\"_blank\">ses sympt\u00f4mes apparaissent tardivement<\/a> et sont souvent confondus avec d\u2019autres maladies b\u00e9nignes. On peut r\u00e9duire le risque de cancer du pancr\u00e9as en arr\u00eatant de fumer, en limitant sa consommation d&rsquo;alcool et en maintenant un poids sant\u00e9. Pensez \u00e9galement \u00e0 faire surveiller toute anomalie digestive persistante.<\/p>\n","protected":false},"excerpt":{"rendered":"Le cancer du pancr\u00e9as est l&rsquo;un des cancers les plus mortels. Une \u00e9tude am\u00e9ricaine r\u00e9cente met en lumi\u00e8re&hellip;\n","protected":false},"author":2,"featured_media":376306,"comment_status":"","ping_status":"","sticky":false,"template":"","format":"standard","meta":{"footnotes":""},"categories":[10],"tags":[10281,1011,27,72,71],"class_list":{"0":"post-376305","1":"post","2":"type-post","3":"status-publish","4":"format-standard","5":"has-post-thumbnail","7":"category-sante","8":"tag-buzz-nonli","9":"tag-fr","10":"tag-france","11":"tag-health","12":"tag-sante"},"share_on_mastodon":{"url":"https:\/\/pubeurope.com\/@fr\/115171118673092528","error":""},"_links":{"self":[{"href":"https:\/\/www.europesays.com\/fr\/wp-json\/wp\/v2\/posts\/376305","targetHints":{"allow":["GET"]}}],"collection":[{"href":"https:\/\/www.europesays.com\/fr\/wp-json\/wp\/v2\/posts"}],"about":[{"href":"https:\/\/www.europesays.com\/fr\/wp-json\/wp\/v2\/types\/post"}],"author":[{"embeddable":true,"href":"https:\/\/www.europesays.com\/fr\/wp-json\/wp\/v2\/users\/2"}],"replies":[{"embeddable":true,"href":"https:\/\/www.europesays.com\/fr\/wp-json\/wp\/v2\/comments?post=376305"}],"version-history":[{"count":0,"href":"https:\/\/www.europesays.com\/fr\/wp-json\/wp\/v2\/posts\/376305\/revisions"}],"wp:featuredmedia":[{"embeddable":true,"href":"https:\/\/www.europesays.com\/fr\/wp-json\/wp\/v2\/media\/376306"}],"wp:attachment":[{"href":"https:\/\/www.europesays.com\/fr\/wp-json\/wp\/v2\/media?parent=376305"}],"wp:term":[{"taxonomy":"category","embeddable":true,"href":"https:\/\/www.europesays.com\/fr\/wp-json\/wp\/v2\/categories?post=376305"},{"taxonomy":"post_tag","embeddable":true,"href":"https:\/\/www.europesays.com\/fr\/wp-json\/wp\/v2\/tags?post=376305"}],"curies":[{"name":"wp","href":"https:\/\/api.w.org\/{rel}","templated":true}]}}