{"id":376309,"date":"2025-09-08T22:50:12","date_gmt":"2025-09-08T22:50:12","guid":{"rendered":"https:\/\/www.europesays.com\/fr\/376309\/"},"modified":"2025-09-08T22:50:12","modified_gmt":"2025-09-08T22:50:12","slug":"javais-besoin-de-ble-cetait-horrible-cet-ancien-jure-regrette-sa-participation-a-danse-avec-les-stars","status":"publish","type":"post","link":"https:\/\/www.europesays.com\/fr\/376309\/","title":{"rendered":"J\u2019avais besoin de bl\u00e9\u00a0\u00bb, \u00ab\u00a0c\u2019\u00e9tait horrible\u00a0\u00bb : cet ancien jur\u00e9 regrette sa participation \u00e0 \u00ab\u00a0Danse avec les stars"},"content":{"rendered":"<p>Figure embl\u00e9matique de <strong>La Nouvelle Star<\/strong> en tant que jur\u00e9 de 2007 \u00e0 2009 pendant deux saisons, Sinclair est \u00e9galement apparu sur TF1 pendant plusieurs semaines. En effet, il int\u00e8gre la huiti\u00e8me saison du t\u00e9l\u00e9-crochet de la Une, <a href=\"https:\/\/www.public.fr\/tag\/danse-avec-les-stars\" target=\"_blank\" rel=\"noopener\"><strong>Danse avec les stars<\/strong>.<\/a> <\/p>\n<p><a href=\"https:\/\/www.public.fr\/denitsa-ikonomova-de-retour-dans-danse-avec-les-stars-cette-annonce-qui-va-ravir-ses-fans\" target=\"_blank\" rel=\"noopener\">Aux c\u00f4t\u00e9s de Denitsa Ikonomova<\/a>, le chanteur, auteur-compositeur-interpr\u00e8te et musicien fran\u00e7ais, se fera n\u00e9anmoins rapidement \u00e9liminer du programme. Cette \u00e9viction rapide et son exp\u00e9rience dans l\u2019\u00e9mission lui laissent vraisemblablement<strong> un mauvais souvenir.<\/strong><\/p>\n<p>Sa mauvaise exp\u00e9rience dans \u00ab\u00a0Danse avec les stars\u00a0\u00bb<\/p>\n<p>C\u2019est en tout cas ce qu\u2019a r\u00e9v\u00e9l\u00e9 l\u2019ancien jur\u00e9 de <strong>La Nouvelle Star<\/strong>. En effet, l\u2019ex-acolyte d\u2019<a href=\"https:\/\/www.public.fr\/tag\/andre-manoukian\" target=\"_blank\" rel=\"noopener\">Andr\u00e9 Manoukian<\/a>, <a href=\"https:\/\/vsd.fr\/tag\/lio\/\" target=\"_blank\" rel=\"noopener\">Lio,<\/a> ou encore Philippe Man\u0153uvre <strong>n\u2019a pas m\u00e2ch\u00e9 ses mots<\/strong> concernant sa participation \u00e0 la huiti\u00e8me saison de<strong> Danse avec les stars<\/strong>.<\/p>\n<p>\u00ab\u00a0Une erreur ! J\u2019\u00e9tais tellement transparent \u00e0 l\u2019\u00e9poque, au bout de ma vie, je l\u2019ai fait pour les mauvaises raisons, <strong>j\u2019avais besoin de bl\u00e9\u2026<\/strong> Tout le monde a \u00e9t\u00e9 d\u00e9\u00e7u\u00a0\u00bb, reconna\u00eet <a href=\"https:\/\/www.public.fr\/tag\/sinclair\" target=\"_blank\" rel=\"noopener\">Sinclair<\/a> dans les colonnes du Parisien.<\/p>\n<p>En plus de l\u2019ancien jur\u00e9 de <strong>La Nouvelle Star<\/strong>, la production de <strong>Danse avec les stars<\/strong>, elle-m\u00eame, aurait \u00e9t\u00e9 tr\u00e8s d\u00e9\u00e7ue. \u00c9tant donn\u00e9 que celle-ci s\u2019attendait \u00e0 ce \u00ab\u00a0qu\u2019[il] fasse des \u00e9tincelles\u00a0\u00bb : \u00ab\u00a0ils pensaient que j\u2019allais gagner\u00a0\u00bb.\u00a0\u00ab\u00a0<strong>Je me suis fait jeter tr\u00e8s vite.<\/strong>\u00a0Ils ont \u00e9t\u00e9 adorables, mais se mettre \u00e0 poil, danser, alors que je suis dyslexique, c\u2019\u00e9tait horrible\u2026\u00a0\u00bb, se souvient \u00e9galement Sinclair qui a totalement chang\u00e9 de vie depuis quelques ann\u00e9es.<\/p>\n<p>La nouvelle vie de Sinclair<\/p>\n<p>Beaucoup plus discret qu\u2019auparavant, l\u2019artiste \u00e2g\u00e9 de 55 ans a en effet quitt\u00e9 Paris il y a six ans pour s\u2019installer dans le sud de la France. \u00ab\u00a0J\u2019y suis arriv\u00e9 il y a six ans, apr\u00e8s une p\u00e9riode de vie tr\u00e8s, tr\u00e8s dure, un crash. Je suis arriv\u00e9 comme un nomade, ne sachant plus tr\u00e8s bien qui j\u2019\u00e9tais et o\u00f9 j\u2019allais. En quelques semaines,\u00a0j\u2019ai r\u00e9ussi \u00e0 redevenir moi-m\u00eame\u00a0\u00bb, r\u00e9v\u00e8le l&rsquo;ancien candidat de <strong>Danse avec les stars<\/strong> au Parisien.<\/p>\n<p>Avant de poursuivre : \u00ab\u00a0J\u2019ai cr\u00e9\u00e9 un label avec des copains, et j\u2019ai fait des choses que je n\u2019avais jamais faites : monter des \u00e9v\u00e9nements, devenir DJ en herbe. J\u2019ai produit un artiste g\u00e9nial, A\u00efssa Malouk, et petit \u00e0 petit je suis revenu \u00e0 la musique\u00a0\u00bb.<\/p>\n<p>Si l\u2019ancien jur\u00e9 de <strong>La Nouvelle Star<\/strong> et ancien candidat de <strong>Danse avec les stars <\/strong>a ressenti le besoin de \u00ab\u00a0s\u2019\u00e9vader\u00a0\u00bb, c\u2019est aussi parce qu\u2019il a v\u00e9cu des ann\u00e9es compliqu\u00e9es.\u00a0 \u00ab\u00a0J\u2019avais perdu l\u2019envie. J\u2019ai fait des concerts de 2015 \u00e0 2019 mais les gens ne venaient plus. Je sortais de la t\u00e9l\u00e9. Les gens m\u2019identifiaient. Mais je n\u2019arrivais plus \u00e0 connecter avec le public. Et puis j\u2019avais une \u00e9nergie de merde.\u00a0Je me suis tap\u00e9 un long hiver. <strong>Cela s\u2019appelle la d\u00e9pression<\/strong>\u00ab\u00a0, reconna\u00eet Sinclair.<\/p>\n<p>\u00ab\u00a0La machine s\u2019est gripp\u00e9e.\u00a0Et l\u00e0, soit je continuais \u00e0 creuser ma tombe, soit je quittais Paris\u2026\u00a0J\u2019ai d\u00fb laisser ma fille, qui \u00e9tait grande.\u00a0Mais je devais me sauver. Depuis quatre ans, je bosse tous les jours. Je suis devenu\u00a0workaholic (accro au travail, ndlr)\u00a0\u00bb, conclu l\u2019ancien candidat de <strong>Danse avec les stars<\/strong> qui ne regrette aucunement son choix.\u00a0<\/p>\n<p>      Mentionn\u00e9s dans cet article<\/p>\n<p>      Sur le m\u00eame sujet<\/p>\n","protected":false},"excerpt":{"rendered":"Figure embl\u00e9matique de La Nouvelle Star en tant que jur\u00e9 de 2007 \u00e0 2009 pendant deux saisons, Sinclair&hellip;\n","protected":false},"author":2,"featured_media":376310,"comment_status":"","ping_status":"","sticky":false,"template":"","format":"standard","meta":{"footnotes":""},"categories":[8],"tags":[51013,194,58,59,1011,27,5633,494,5552,51014,199],"class_list":{"0":"post-376309","1":"post","2":"type-post","3":"status-publish","4":"format-standard","5":"has-post-thumbnail","7":"category-divertissement","8":"tag-andre-manoukian","9":"tag-danse-avec-les-stars","10":"tag-divertissement","11":"tag-entertainment","12":"tag-fr","13":"tag-france","14":"tag-lio","15":"tag-m6","16":"tag-nouvelle-star","17":"tag-sinclair","18":"tag-tf1"},"share_on_mastodon":{"url":"https:\/\/pubeurope.com\/@fr\/115171126421757656","error":""},"_links":{"self":[{"href":"https:\/\/www.europesays.com\/fr\/wp-json\/wp\/v2\/posts\/376309","targetHints":{"allow":["GET"]}}],"collection":[{"href":"https:\/\/www.europesays.com\/fr\/wp-json\/wp\/v2\/posts"}],"about":[{"href":"https:\/\/www.europesays.com\/fr\/wp-json\/wp\/v2\/types\/post"}],"author":[{"embeddable":true,"href":"https:\/\/www.europesays.com\/fr\/wp-json\/wp\/v2\/users\/2"}],"replies":[{"embeddable":true,"href":"https:\/\/www.europesays.com\/fr\/wp-json\/wp\/v2\/comments?post=376309"}],"version-history":[{"count":0,"href":"https:\/\/www.europesays.com\/fr\/wp-json\/wp\/v2\/posts\/376309\/revisions"}],"wp:featuredmedia":[{"embeddable":true,"href":"https:\/\/www.europesays.com\/fr\/wp-json\/wp\/v2\/media\/376310"}],"wp:attachment":[{"href":"https:\/\/www.europesays.com\/fr\/wp-json\/wp\/v2\/media?parent=376309"}],"wp:term":[{"taxonomy":"category","embeddable":true,"href":"https:\/\/www.europesays.com\/fr\/wp-json\/wp\/v2\/categories?post=376309"},{"taxonomy":"post_tag","embeddable":true,"href":"https:\/\/www.europesays.com\/fr\/wp-json\/wp\/v2\/tags?post=376309"}],"curies":[{"name":"wp","href":"https:\/\/api.w.org\/{rel}","templated":true}]}}