{"id":376315,"date":"2025-09-08T22:53:14","date_gmt":"2025-09-08T22:53:14","guid":{"rendered":"https:\/\/www.europesays.com\/fr\/376315\/"},"modified":"2025-09-08T22:53:14","modified_gmt":"2025-09-08T22:53:14","slug":"donald-trump-va-devoir-verser-une-somme-astronomique-a-e-jean-carroll","status":"publish","type":"post","link":"https:\/\/www.europesays.com\/fr\/376315\/","title":{"rendered":"Donald Trump va devoir verser une somme astronomique \u00e0 E. Jean Carroll"},"content":{"rendered":"<p>        <img decoding=\"async\" loading=\"lazy\" src=\"https:\/\/www.europesays.com\/fr\/wp-content\/uploads\/2025\/09\/6a983a1_upload-1-tqkxzpfjxxfo-000-73rx6t6.jpg\"  width=\"728\" height=\"410\" alt=\"Une cour d\u2019appel de New York a confirm\u00e9 ce lundi 8\u00a0septembre la condamnation de Donald Trump \u00e0 verser 83,3\u00a0millions de dollars \u00e0 l\u2019autrice\u00a0E.\u00a0Jean\u00a0Carroll.\"\/>  <\/p>\n<p>LEONARDO MUNOZ, MANDEL NGAN \/ AFP<\/p>\n<p>Une cour d\u2019appel de New York a confirm\u00e9 ce lundi 8\u00a0septembre la condamnation de Donald Trump \u00e0 verser 83,3\u00a0millions de dollars \u00e0 l\u2019autrice\u00a0E.\u00a0Jean\u00a0Carroll.<\/p>\n<p class=\"asset asset-text\">\u00c9TATS-UNIS &#8211; Camouflet judiciaire. Une cour d\u2019appel de New York a confirm\u00e9 ce lundi 8\u00a0septembre la<a href=\"https:\/\/www.huffingtonpost.fr\/international\/article\/trump-condamne-a-verser-a-e-jean-carroll-une-somme-astronomique-pour-diffamation_228952.html\" rel=\"nofollow noopener\" target=\"_blank\"> condamnation de Donald Trump <\/a>\u00e0 verser 83,3 millions de dollars \u00e0 l\u2019autrice\u00a0<a href=\"https:\/\/www.huffingtonpost.fr\/international\/article\/donald-trump-condamne-en-appel-a-payer-5-millions-de-dollars-pour-agression-sexuelle-sur-e-jean-carroll_244198.html\" rel=\"nofollow noopener\" target=\"_blank\">E.\u00a0Jean\u00a0Carroll<\/a>\u00a0pour l\u2019avoir diffam\u00e9e, sur fond d\u2019accusations de viol.<\/p>\n<p class=\"asset asset-text\">Dans cette affaire civile, le pr\u00e9sident am\u00e9ricain avait \u00e9t\u00e9 condamn\u00e9 en janvier 2024 par un jury populaire, qui l\u2019avait estim\u00e9 coupable d\u2019avoir diffam\u00e9 cette ancienne chroniqueuse du magazine Elle. Elle l\u2019avait par ailleurs accus\u00e9 de viol dans les ann\u00e9es 1990.<\/p>\n<p class=\"asset asset-text\">Les neuf jur\u00e9s avaient impos\u00e9 ce montant astronomique de 83,3 millions de dollars, dont 65 millions de dollars de dommages et int\u00e9r\u00eats \u00ab\u00a0punitifs\u00a0\u00bb cens\u00e9s dissuader Donald Trump de \u00ab\u00a0nuire\u00a0\u00bb \u00e0 nouveau \u00e0 \u00a0E.\u00a0Jean\u00a0Carroll. Cette somme avait exc\u00e9d\u00e9 de beaucoup les dix millions de dollars r\u00e9clam\u00e9s par la plaignante pour pr\u00e9judice moral et professionnel.<\/p>\n<p>    D\u00e9dommagement \u00ab\u00a0raisonnable au regard des faits\u00a0\u00bb    <\/p>\n<p class=\"asset asset-text\">Le r\u00e9publicain, qui \u00e9tait alors en campagne pour revenir \u00e0 la Maison Blanche, avait fustig\u00e9 une condamnation \u00ab\u00a0ridicule\u00a0\u00bb et promis de faire appel.<\/p>\n<p class=\"asset asset-text\">La Cour d\u2019appel a consid\u00e9r\u00e9 que le d\u00e9dommagement d\u00e9cid\u00e9 par le jury en premi\u00e8re instance \u00e9tait \u00ab\u00a0raisonnable au regard des faits extraordinaires et choquants de ce dossier\u00a0\u00bb. \u00ab\u00a0Nous sommes d\u2019accord (&#8230;) que le jury \u00e9tait dans son droit de constater que Trump ne cesserait pas de diffamer\u00a0Carroll\u00a0\u00e0 moins d\u2019\u00eatre soumis \u00e0 une p\u00e9nalit\u00e9 financi\u00e8re cons\u00e9quente\u00a0\u00bb, a ajout\u00e9 la Cour.<\/p>\n<p class=\"asset asset-text\">Elizabeth\u00a0Jean\u00a0Carroll, 81 ans, fut journaliste et chroniqueuse pour l\u2019\u00e9dition am\u00e9ricaine du magazine Elle et a accus\u00e9 en 2019 Donald Trump de l\u2019avoir viol\u00e9e en 1996 dans une cabine d\u2019essayage d\u2019un grand magasin new-yorkais.<\/p>\n<p>    Agression sexuelle    <\/p>\n<p class=\"asset asset-text\">Sur la base d\u2019une autre plainte au civil en 2022 pour viol et diffamation, elle avait d\u00e9j\u00e0, en mai 2023, fait reconna\u00eetre Donald Trump responsable d\u2019agression sexuelle \u00e0 son encontre en 1996.\u00a0 Le magnat avait \u00e9t\u00e9 alors condamn\u00e9 \u00e0 lui verser cinq millions de dollars.<\/p>\n<p class=\"asset asset-text\">Avant les plaidoiries finales du proc\u00e8s en diffamation en janvier 2024, Donald Trump avait multipli\u00e9 les messages sur son r\u00e9seau Truth Social accusant E. Jean Carroll\u00a0d\u2019avoir mont\u00e9 \u00ab\u00a0une FAUSSE histoire \u00e0 la Monica Lewinsky\u00a0\u00bb &#8211; du nom du scandale sexuel de la stagiaire de la Maison Blanche qui avait failli emporter le pr\u00e9sident Bill Clinton \u00e0 la fin des ann\u00e9es 1990 &#8211;\u00a0et de \u00ab\u00a0chercher \u00e0 EXTORQUER\u00a0\u00bb de l\u2019argent.<\/p>\n<p class=\"asset asset-text\">Il l\u2019avait encore trait\u00e9e de \u00ab\u00a0tar\u00e9e\u00a0\u00bb, \u00e0 l\u2019\u00ab\u00a0histoire bidon\u00a0\u00bb, qu\u2019il n\u2019avait \u00ab\u00a0jamais vue de (sa) vie\u00a0\u00bb. Durant la proc\u00e9dure en 2022, il avait qualifi\u00e9 l\u2019autrice de \u00ab\u00a0malade\u00a0\u00bb.<\/p>\n<p class=\"asset asset-text\">Donald Trump avait \u00e9t\u00e9 autoris\u00e9 \u00e0 se d\u00e9fendre bri\u00e8vement au proc\u00e8s, mais sa libert\u00e9 de parole avait \u00e9t\u00e9 strictement limit\u00e9e pour \u00e9viter tout d\u00e9rapage verbal. Le r\u00e9publicain s\u2019\u00e9tait servi de ce proc\u00e8s\u00a0comme caisse de r\u00e9sonance m\u00e9diatique dans sa campagne pour retourner \u00e0 la Maison Blanche, d\u00e9non\u00e7ant une nouvelle \u00ab\u00a0chasse aux sorci\u00e8res\u00a0\u00bb \u00e0 son encontre men\u00e9e selon lui par les d\u00e9mocrates et le pr\u00e9sident d\u2019alors, Joe Biden.<\/p>\n","protected":false},"excerpt":{"rendered":"LEONARDO MUNOZ, MANDEL NGAN \/ AFP Une cour d\u2019appel de New York a confirm\u00e9 ce lundi 8\u00a0septembre la&hellip;\n","protected":false},"author":2,"featured_media":376316,"comment_status":"","ping_status":"","sticky":false,"template":"","format":"standard","meta":{"footnotes":""},"categories":[5],"tags":[11,22016,75,73,1011,27,14,12,28],"class_list":{"0":"post-376315","1":"post","2":"type-post","3":"status-publish","4":"format-standard","5":"has-post-thumbnail","7":"category-international","8":"tag-actualites","9":"tag-diffamation","10":"tag-donald-trump","11":"tag-etats-unis","12":"tag-fr","13":"tag-france","14":"tag-international","15":"tag-news","16":"tag-world"},"share_on_mastodon":{"url":"https:\/\/pubeurope.com\/@fr\/115171138231259291","error":""},"_links":{"self":[{"href":"https:\/\/www.europesays.com\/fr\/wp-json\/wp\/v2\/posts\/376315","targetHints":{"allow":["GET"]}}],"collection":[{"href":"https:\/\/www.europesays.com\/fr\/wp-json\/wp\/v2\/posts"}],"about":[{"href":"https:\/\/www.europesays.com\/fr\/wp-json\/wp\/v2\/types\/post"}],"author":[{"embeddable":true,"href":"https:\/\/www.europesays.com\/fr\/wp-json\/wp\/v2\/users\/2"}],"replies":[{"embeddable":true,"href":"https:\/\/www.europesays.com\/fr\/wp-json\/wp\/v2\/comments?post=376315"}],"version-history":[{"count":0,"href":"https:\/\/www.europesays.com\/fr\/wp-json\/wp\/v2\/posts\/376315\/revisions"}],"wp:featuredmedia":[{"embeddable":true,"href":"https:\/\/www.europesays.com\/fr\/wp-json\/wp\/v2\/media\/376316"}],"wp:attachment":[{"href":"https:\/\/www.europesays.com\/fr\/wp-json\/wp\/v2\/media?parent=376315"}],"wp:term":[{"taxonomy":"category","embeddable":true,"href":"https:\/\/www.europesays.com\/fr\/wp-json\/wp\/v2\/categories?post=376315"},{"taxonomy":"post_tag","embeddable":true,"href":"https:\/\/www.europesays.com\/fr\/wp-json\/wp\/v2\/tags?post=376315"}],"curies":[{"name":"wp","href":"https:\/\/api.w.org\/{rel}","templated":true}]}}