{"id":376317,"date":"2025-09-08T22:54:11","date_gmt":"2025-09-08T22:54:11","guid":{"rendered":"https:\/\/www.europesays.com\/fr\/376317\/"},"modified":"2025-09-08T22:54:11","modified_gmt":"2025-09-08T22:54:11","slug":"marine-tondelier-interpelle-emmanuel-macron-la-cohabitation-est-un-du-democratique","status":"publish","type":"post","link":"https:\/\/www.europesays.com\/fr\/376317\/","title":{"rendered":"Marine Tondelier interpelle Emmanuel Macron\u00a0: \u00ab\u00a0la cohabitation est un d\u00fb d\u00e9mocratique \u00bb"},"content":{"rendered":"<p>        <img decoding=\"async\" loading=\"lazy\" src=\"https:\/\/www.europesays.com\/fr\/wp-content\/uploads\/2025\/09\/af5f974_upload-1-6z7kljehygnx-2025-09-08t141808z-1047455960-rc2pnga8ukgp-rtrmadp-3-france-politics.J.jpeg\"  width=\"728\" height=\"410\" alt=\"Marine Tondelier ce lundi 8\u00a0septembre \u00e0 l\u2019Assembl\u00e9e nationale\"\/>  <\/p>\n<p>REUTERS<\/p>\n<p>Marine Tondelier ce lundi 8\u00a0septembre \u00e0 l\u2019Assembl\u00e9e nationale<\/p>\n<p class=\"asset asset-text\">POLITIQUE &#8211; Depuis <a href=\"https:\/\/www.huffingtonpost.fr\/politique\/article\/francois-bayrou-chute-sur-le-vote-de-confiance-une-premiere-dans-l-histoire-de-la-ve-republique_254572.html\" rel=\"nofollow noopener\" target=\"_blank\">la chute de Fran\u00e7ois Bayrou<\/a> ce lundi 8\u00a0septembre, tous les regards sont braqu\u00e9s sur Emmanuel Macron. Que d\u00e9cidera-t-il de faire\u00a0? Renommera-t-il un Premier ministre de droite ou du centre\u00a0? Dissoudra-t-il l\u2019Assembl\u00e9e nationale\u00a0?<\/p>\n<p class=\"asset asset-text\">Pour la secr\u00e9taire nationale des \u00c9cologistes <a href=\"https:\/\/www.huffingtonpost.fr\/politique\/article\/la-strategie-de-marine-tondelier-pour-l-apres-bayrou-a-rebours-de-celle-du-ps-et-de-lfi_254075.html\" rel=\"nofollow noopener\" target=\"_blank\">Marine Tondelier<\/a>, la gauche doit \u00eatre appel\u00e9e \u00e0 former \u00ab\u00a0un gouvernement de combat\u00a0\u00bb, sur une ligne de \u00ab\u00a0rupture\u00a0\u00bb, sans ministre macroniste.<\/p>\n<p class=\"asset asset-text\"><strong>Le HuffPost. Fran\u00e7ois Bayrou vient d\u2019\u00eatre renvers\u00e9 par l\u2019Assembl\u00e9e nationale. \u00cates-vous soulag\u00e9e\u00a0?<\/strong><\/p>\n<p class=\"asset asset-text\"><strong>Marine Tondelier.<\/strong> Ce n\u2019est pas une surprise, il a lui-m\u00eame scell\u00e9 son destin en d\u00e9cidant de sauter sans parachute. Je ne comprends toujours pas ce qu\u2019il a essay\u00e9 de faire ni \u00e0 quel moment il a cru que \u00e7a marcherait.<\/p>\n<p class=\"asset asset-text\"><strong>Que doit d\u00e9sormais faire Emmanuel Macron\u00a0?\u00a0<\/strong><\/p>\n<p class=\"asset asset-text\">Je ne vois qu\u2019une seule solution\u00a0: la cohabitation. Il doit nous appeler \u00e0 gouverner. Nous sommes arriv\u00e9s en t\u00eate des \u00e9lections l\u00e9gislatives, c\u2019est la logique institutionnelle. Le seul argument qu\u2019il avait trouv\u00e9 l\u2019\u00e9t\u00e9 dernier pour ne pas nous nommer, c\u2019\u00e9tait le risque d\u2019instabilit\u00e9. Le meilleur candidat qu\u2019il avait trouv\u00e9 pour \u00e7a, c\u2019\u00e9tait Michel Barnier. Je constate qu\u2019il est le Premier ministre qui a dur\u00e9 le moins longtemps de l\u2019histoire de la Ve R\u00e9publique. Maintenant que Fran\u00e7ois Bayrou est tomb\u00e9, ce serait un affront que de nommer une troisi\u00e8me fois un Premier ministre de son camp. Les Fran\u00e7ais ont demand\u00e9 une cohabitation\u00a0: ce n\u2019est pas une opinion, c\u2019est un d\u00fb d\u00e9mocratique.  Emmanuel Macron doit nous recevoir \u00e0 l\u2019\u00c9lys\u00e9e avant toute annonce.<\/p>\n<p class=\"asset asset-text\"><strong>Si la gauche \u00e9tait nomm\u00e9e, ne serait-elle pas aussit\u00f4t renvers\u00e9e\u00a0?<\/strong><\/p>\n<p class=\"asset asset-text\">Le devoir du Pr\u00e9sident est de nous laisser nous y coller. \u00c9videmment, nous r\u00e9fl\u00e9chissons \u00e0 la mani\u00e8re d\u2019assurer la stabilit\u00e9. Deux choses sont s\u00fbres\u00a0: nous souhaiterions solliciter la confiance des d\u00e9put\u00e9s d\u00e8s notre nomination pour instaurer un climat de respect entre gouvernement et parlementaires et nous nous engagerions \u00e0 ne plus recourir au 49-3.<\/p>\n<blockquote><p>Notre nomination provoquerait une grande bouff\u00e9e d\u2019oxyg\u00e8ne dans le pays, une vague de joie et d\u2019espoir<\/p><\/blockquote>\n<p class=\"asset asset-text\"><strong>Faut-il un gouvernement commun entre la gauche et le bloc central\u00a0?<\/strong><\/p>\n<p class=\"asset asset-text\">Non. Un gouvernement doit \u00eatre compact, il doit avoir une coh\u00e9rence et des objectifs communs. On ne peut pas faire un gouvernement qui, toute la semaine, va d\u00e9battre de ce qu\u2019il faut faire et ne pas faire. Il faut un gouvernement de combat, qui fasse preuve de d\u00e9termination pour appliquer sa politique. Je suis consciente que ce gouvernement n\u2019aura pas la majorit\u00e9. Mais cela ne doit pas entra\u00eener une forme de renoncement. Notre nomination provoquerait une grande bouff\u00e9e d\u2019oxyg\u00e8ne dans le pays, une vague de joie et d\u2019espoir, un ouf de soulagement. Si nous y allons, c\u2019est pour mettre en place des politiques de rupture. Pas pour faire un gloubi boulga et aller chercher le plus petit d\u00e9nominateur commun avec les macronistes. Les avanc\u00e9es sociales, il faudra aller les chercher avec combativit\u00e9. Sans avoir peur du r\u00e9sultat. Si nous devions \u00eatre renvers\u00e9s sur la barricade de la justice sociale et environnementale, c\u2019est qu\u2019on aura fait notre travail. Le but est de changer la vie des gens, pas de faire de beaux programmes sur papier glac\u00e9. Je ne suis pas d\u2019accord avec ceux qui ne veulent pas y aller, qui pr\u00e9f\u00e8rent attendre 2027, mais je ne suis pas non plus d\u2019accord pour y aller avec pour seul objectif de durer.<\/p>\n<p class=\"asset asset-text\"><strong>Alors comment comptez-vous vous y prendre\u00a0?<\/strong><\/p>\n<p class=\"asset asset-text\">Prenez l\u2019exemple de la taxe Zucman. Elle a d\u00e9j\u00e0 \u00e9t\u00e9 adopt\u00e9e par l\u2019Assembl\u00e9e nationale\u00a0! On avait mis le texte en d\u00e9bat, les d\u00e9put\u00e9s \u00e9coutent dans leur circonscription, ils voient bien que plus de 80\u00a0% des Fran\u00e7ais sont pour. Comment justifiez-vous de voter contre\u00a0? La cocotte minute est sur le point d\u2019exploser. Ce n\u2019est plus acceptable. Si nous entrons au gouvernement, ce n\u2019est pas pour faire de la figuration.<\/p>\n<p class=\"asset asset-text\"><strong>Pensez-vous pouvoir embarquer toute la gauche\u00a0? Dans une interview au Parisien, Jean-Luc M\u00e9lenchon qualifie la possible nomination d\u2019Olivier Faure de \u00ab\u00a0tambouille\u00a0\u00bb et dit \u00ab\u00a0refuser\u00a0\u00bb cette hypoth\u00e8se&#8230;<\/strong><\/p>\n<p class=\"asset asset-text\">Si quelqu\u2019un du Nouveau Front populaire est nomm\u00e9, je souhaite bon courage \u00e0 ceux qui, \u00e0 gauche, voudront faire tomber le gouvernement. Il y aura une vraie aspiration \u00e0 ce que \u00e7a change. Cette aspiration viendra de gens qui votent pour nous, qui ne votent pas pour nous voire qui ne votent pas du tout. Ils nous en voudraient \u00e0 vie de ne pas avoir su nous mettre d\u2019accord entre nous.<\/p>\n<blockquote><p>Les Insoumis feraient une erreur en d\u00e9cr\u00e9tant que personne, en dehors d\u2019eux, ne peut gouverner.<\/p><\/blockquote>\n<p class=\"asset asset-text\"><strong>Doit-il y avoir des ministres LFI dans ce gouvernement\u00a0?<\/strong><\/p>\n<p class=\"asset asset-text\">Je consid\u00e8re que tout le monde doit \u00eatre l\u00e0. Si les Insoumis pr\u00e9f\u00e8rent \u00eatre une sorte d\u2019aiguillon de gauche dans l\u2019h\u00e9micycle, \u00e0 choisir au cas par cas les mesures qu\u2019ils soutiennent, c\u2019est leur d\u00e9cision. Mais ce serait une erreur de d\u00e9cr\u00e9ter que personne, en dehors d\u2019eux, ne peut gouverner \u00e0 gauche.<\/p>\n<p class=\"asset asset-text\"><strong>Pensez-vous vraiment qu\u2019Emmanuel Macron soit pr\u00eat \u00e0 laisser d\u00e9tricoter sa politique \u00e9conomique et sociale\u00a0?<\/strong><\/p>\n<p class=\"asset asset-text\">On souhaite la bienvenue \u00e0 Emmanuel Macron en d\u00e9mocratie. Ce sont les Fran\u00e7ais qui d\u00e9cident des politiques \u00e0 mener. Personne ne lui a demand\u00e9 de convoquer des \u00e9lections l\u00e9gislatives anticip\u00e9es l\u2019\u00e9t\u00e9 dernier. Il l\u2019a d\u00e9cid\u00e9 seul, il doit maintenant accepter les r\u00e9sultats. \u00c7a ne doit pas le remplir de joie mais en regardant tous les sc\u00e9narios sur la table, je n\u2019en vois pas de plus simple pour lui.<\/p>\n<p class=\"asset asset-text\"><strong>Vous ne croyez pas \u00e0 l\u2019hypoth\u00e8se d\u2019une dissolution ?<\/strong><\/p>\n<p class=\"asset asset-text\">Les \u00c9cologistes n\u2019en ont pas peur. Nos \u00e9quipes sont pr\u00eates\u00a0: nous ne craignons pas le vote des fran\u00e7ais.<\/p>\n<p class=\"asset asset-text\"><strong>S\u2019il d\u00e9cidait de nommer un nouveau Premier ministre de droite ou du centre, c\u2019est l\u2019\u00e9chec annonc\u00e9\u00a0?<\/strong><\/p>\n<p class=\"asset asset-text\">Pourquoi ce qui n\u2019a pas march\u00e9 avec Barnier et Bayrou fonctionnerait avec un autre Premier ministre de droite ou du centre\u00a0? Et puis, vous imaginez l\u2019allure que \u00e7a aurait dans le pays\u00a0? Avec les manifestations pr\u00e9vues le 10 septembre, le 18 et tous les jours qui suivent\u00a0? Je ne m\u2019y risquerais pas \u00e0 la place d\u2019Emmanuel Macron.<\/p>\n<p class=\"asset asset-text\"><strong>En cas de dissolution, croyez-vous possible d\u2019unir la gauche sur le mod\u00e8le du NFP\u00a0?<\/strong><\/p>\n<p class=\"asset asset-text\">J\u2019y travaille. Si je vous avais expliqu\u00e9 le 8\u00a0juin 2024\u00a0qu\u2019il y aurait une dissolution et que toute la gauche et les \u00e9cologistes seraient unis, personne ne m\u2019aurait cru. Je ne me sens pas seule, l\u2019union est tr\u00e8s largement demand\u00e9e par les \u00e9lecteurs de gauche et \u00e9cologistes qui me le rappellent \u00e0 chaque fois que je sors dans la rue. Apr\u00e8s, si certains refusent de travailler ensemble, on devra s\u2019adapter. Mais notre objectif reste l\u2019union la plus large possible. C\u2019est la seule configuration qui permette de battre l\u2019extr\u00eame droite.<\/p>\n<p class=\"asset asset-text\"><strong>Appelez-vous \u00e0 la d\u00e9mission du chef de l\u2019\u00c9tat\u00a0?<\/strong><\/p>\n<p class=\"asset asset-text\">Ce n\u2019est pas le sujet ce soir. La question est de savoir qui Emmanuel Macron va nommer pour succ\u00e9der \u00e0 Fran\u00e7ois Bayrou. Mais s\u2019il s\u2019obstine \u00e0 faire de l\u2019obstruction, alors la question se posera.<\/p>\n","protected":false},"excerpt":{"rendered":"REUTERS Marine Tondelier ce lundi 8\u00a0septembre \u00e0 l\u2019Assembl\u00e9e nationale POLITIQUE &#8211; Depuis la chute de Fran\u00e7ois Bayrou ce&hellip;\n","protected":false},"author":2,"featured_media":376318,"comment_status":"","ping_status":"","sticky":false,"template":"","format":"standard","meta":{"footnotes":""},"categories":[4],"tags":[11,2286,1073,1011,27,13519,2383,8458,4729,12,316,25],"class_list":{"0":"post-376317","1":"post","2":"type-post","3":"status-publish","4":"format-standard","5":"has-post-thumbnail","7":"category-france","8":"tag-actualites","9":"tag-eelv","10":"tag-emmanuel-macron","11":"tag-fr","12":"tag-france","13":"tag-front-populaire","14":"tag-gauche","15":"tag-gouvernement-bayrou","16":"tag-marine-tondelier","17":"tag-news","18":"tag-politique","19":"tag-republique-francaise"},"share_on_mastodon":{"url":"https:\/\/pubeurope.com\/@fr\/115171143003969100","error":""},"_links":{"self":[{"href":"https:\/\/www.europesays.com\/fr\/wp-json\/wp\/v2\/posts\/376317","targetHints":{"allow":["GET"]}}],"collection":[{"href":"https:\/\/www.europesays.com\/fr\/wp-json\/wp\/v2\/posts"}],"about":[{"href":"https:\/\/www.europesays.com\/fr\/wp-json\/wp\/v2\/types\/post"}],"author":[{"embeddable":true,"href":"https:\/\/www.europesays.com\/fr\/wp-json\/wp\/v2\/users\/2"}],"replies":[{"embeddable":true,"href":"https:\/\/www.europesays.com\/fr\/wp-json\/wp\/v2\/comments?post=376317"}],"version-history":[{"count":0,"href":"https:\/\/www.europesays.com\/fr\/wp-json\/wp\/v2\/posts\/376317\/revisions"}],"wp:featuredmedia":[{"embeddable":true,"href":"https:\/\/www.europesays.com\/fr\/wp-json\/wp\/v2\/media\/376318"}],"wp:attachment":[{"href":"https:\/\/www.europesays.com\/fr\/wp-json\/wp\/v2\/media?parent=376317"}],"wp:term":[{"taxonomy":"category","embeddable":true,"href":"https:\/\/www.europesays.com\/fr\/wp-json\/wp\/v2\/categories?post=376317"},{"taxonomy":"post_tag","embeddable":true,"href":"https:\/\/www.europesays.com\/fr\/wp-json\/wp\/v2\/tags?post=376317"}],"curies":[{"name":"wp","href":"https:\/\/api.w.org\/{rel}","templated":true}]}}