{"id":376321,"date":"2025-09-08T22:56:15","date_gmt":"2025-09-08T22:56:15","guid":{"rendered":"https:\/\/www.europesays.com\/fr\/376321\/"},"modified":"2025-09-08T22:56:15","modified_gmt":"2025-09-08T22:56:15","slug":"firminy-apres-une-collision-il-est-interpelle-avec-168-g-dalcool-dans-le-sang","status":"publish","type":"post","link":"https:\/\/www.europesays.com\/fr\/376321\/","title":{"rendered":"Firminy. Apr\u00e8s une collision, il est interpell\u00e9 avec 1,68\u00a0g d\u2019alcool dans le sang"},"content":{"rendered":"<p>Tout part d\u2019un banal accident de la circulation rue Basse ville dans la zone d\u2019activit\u00e9 Dorian \u00e0 Firminy. Le mercredi 3\u00a0septembre, vers 10 heures, deux v\u00e9hicules entrent en collision \u00e0 quelques encablures du centre de tri de La Poste.<\/p>\n<p>  En \u00e9tat de r\u00e9cidive<\/p>\n<p>Une femme se trouve \u00e0 bord d\u2019un v\u00e9hicule de type Kia. Dans l\u2019autre automobile, une Renault Clio, un homme \u00e2g\u00e9 de 27 ans, habitant de la vall\u00e9e de l\u2019Ondaine. Se sentant menac\u00e9e, la premi\u00e8re d\u00e9cide d\u2019appeler les forces de police. Les fonctionnaires d\u00e9cident de proc\u00e9der \u00e0 un d\u00e9pistage d\u2019alcool\u00e9mie pour le second.<\/p>\n<p>Le test va rapidement se r\u00e9v\u00e9ler positif et indiquer un taux de 1,68 gramme d\u2019alcool par litre de sang.<\/p>\n<p>D\u2019apr\u00e8s nos informations, il se trouve en r\u00e9cidive puisqu\u2019il avait d\u00e9j\u00e0 fait l\u2019objet d\u2019un contr\u00f4le d\u2019alcool\u00e9mie positif en 2023. Ce dernier a finalement \u00e9t\u00e9 interpell\u00e9 et plac\u00e9 en garde \u00e0 vue. \u00c0 l\u2019issue, il s\u2019est vu signifier une convocation devant les services de la justice au cours des prochaines semaines.<\/p>\n","protected":false},"excerpt":{"rendered":"Tout part d\u2019un banal accident de la circulation rue Basse ville dans la zone d\u2019activit\u00e9 Dorian \u00e0 Firminy.&hellip;\n","protected":false},"author":2,"featured_media":376322,"comment_status":"","ping_status":"","sticky":false,"template":"","format":"standard","meta":{"footnotes":""},"categories":[9653],"tags":[1111,11,2430,271,272,7539,1777,674,274,10282,10283,1011,27,3367,12,25,4001,104],"class_list":{"0":"post-376321","1":"post","2":"type-post","3":"status-publish","4":"format-standard","5":"has-post-thumbnail","7":"category-saint-etienne","8":"tag-actu","9":"tag-actualites","10":"tag-auvergne-rhone-alpes","11":"tag-crime","12":"tag-delit-et-contravention","13":"tag-edition-loire-sud","14":"tag-eu","15":"tag-europe","16":"tag-faits-divers-justice","17":"tag-firminy","18":"tag-firminy-ville","19":"tag-fr","20":"tag-france","21":"tag-loire","22":"tag-news","23":"tag-republique-francaise","24":"tag-saint-etienne","25":"tag-societe"},"share_on_mastodon":{"url":"","error":""},"_links":{"self":[{"href":"https:\/\/www.europesays.com\/fr\/wp-json\/wp\/v2\/posts\/376321","targetHints":{"allow":["GET"]}}],"collection":[{"href":"https:\/\/www.europesays.com\/fr\/wp-json\/wp\/v2\/posts"}],"about":[{"href":"https:\/\/www.europesays.com\/fr\/wp-json\/wp\/v2\/types\/post"}],"author":[{"embeddable":true,"href":"https:\/\/www.europesays.com\/fr\/wp-json\/wp\/v2\/users\/2"}],"replies":[{"embeddable":true,"href":"https:\/\/www.europesays.com\/fr\/wp-json\/wp\/v2\/comments?post=376321"}],"version-history":[{"count":0,"href":"https:\/\/www.europesays.com\/fr\/wp-json\/wp\/v2\/posts\/376321\/revisions"}],"wp:featuredmedia":[{"embeddable":true,"href":"https:\/\/www.europesays.com\/fr\/wp-json\/wp\/v2\/media\/376322"}],"wp:attachment":[{"href":"https:\/\/www.europesays.com\/fr\/wp-json\/wp\/v2\/media?parent=376321"}],"wp:term":[{"taxonomy":"category","embeddable":true,"href":"https:\/\/www.europesays.com\/fr\/wp-json\/wp\/v2\/categories?post=376321"},{"taxonomy":"post_tag","embeddable":true,"href":"https:\/\/www.europesays.com\/fr\/wp-json\/wp\/v2\/tags?post=376321"}],"curies":[{"name":"wp","href":"https:\/\/api.w.org\/{rel}","templated":true}]}}