{"id":376333,"date":"2025-09-08T23:02:11","date_gmt":"2025-09-08T23:02:11","guid":{"rendered":"https:\/\/www.europesays.com\/fr\/376333\/"},"modified":"2025-09-08T23:02:11","modified_gmt":"2025-09-08T23:02:11","slug":"pour-sa-20e-edition-le-festival-arabesques-va-rendre-un-hommage-exceptionnel-a-rachid-taha","status":"publish","type":"post","link":"https:\/\/www.europesays.com\/fr\/376333\/","title":{"rendered":"Pour sa 20e \u00e9dition, le festival Arabesques va rendre un hommage exceptionnel \u00e0 Rachid Taha"},"content":{"rendered":"<p>\n                                                                Les 20e rencontres des arts du monde arabe qui d\u00e9butent ce mardi \u00e0 Montpellier, seront marqu\u00e9es samedi par un hommage unique au chanteur Rachid Taha avec une fine \u00e9quipe r\u00e9unie par son ami, le rockeur et guitariste Rodolphe Burger.\n                            <\/p>\n<p>Vendredi, cela fera sept ans que Rachid Taha a pris la fille de l\u2019air, \u00e0 59 ans, et bien trop d\u00e9finitivement, d\u2019une crise cardiaque. On ne lui en veut toujours pas mais, tout de m\u00eame, Rodolphe Burger a raison, \u00ab\u00a0il manque beaucoup, sa libert\u00e9, sa parole manque beaucoup\u00a0\u00bb. Compagnon de route et de tourn\u00e9e du manquant \u00e0 la pelle (du manquant beaucoup donc), le rockeur alsacien est le directeur artistique de l\u2019hommage exceptionnel qu\u2019<a href=\"https:\/\/www.festivalarabesques.fr\/programmation2025\" target=\"_self\" rel=\"nofollow noopener\">Arabesques a souhait\u00e9 lui rendre \u00e0 l\u2019occasion de sa 20e \u00e9dition<\/a>.<\/p>\n<p>\u00ab\u00a0On s\u2019est rencontr\u00e9 dans les ann\u00e9es 80 par l\u2019interm\u00e9diaire de Bernard Meyet, un Lyonnais, qui a \u00e9t\u00e9 le manager et le producteur de son groupe Carte de s\u00e9jour et qui s\u2019est ensuite occup\u00e9 du label Attitude qui a \u00e9t\u00e9 le premier \u00e0 signer mon groupe Kat Onoma\u00a0\u00bb, se souvient le chanteur et guitariste. \u00ab\u00a0On a tr\u00e8s vite sympathis\u00e9\u2026 et on a d\u00e9couvert plus tard qu\u2019on avait grandi dans le m\u00eame village\u00a0: son p\u00e8re qui bossait dans une usine textile dans les Vosges avait fait venir sa famille, \u00e0 Sainte-Marie-aux-Mines, en Alsace. Rachid y est rest\u00e9 quelques ann\u00e9es. Quand on l\u2019a d\u00e9couvert, \u00e7a a renforc\u00e9 nos liens, il disait que tout venait d\u2019Alsace et d\u2019Alg\u00e9rie, que son couscous pr\u00e9f\u00e9r\u00e9 \u00e9tait le couscous aux choux, ce genre\u00a0!\u00a0\u00bb\u00a0Il n\u2019emp\u00eache, ce n\u2019est pas tant le territoire que la carte (de s\u00e9jour, du tendre\u2026) qui les a mieux que rapproch\u00e9es, soud\u00e9es.<\/p>\n<p>Une amiti\u00e9 soud\u00e9e \u00e0 la libert\u00e9 d\u2019esprit<\/p>\n<p>\u00ab\u00a0On avait un rapport tr\u00e8s fraternel, pas seulement \u00e0 cause de cette histoire d\u2019Alsace\u2026, se souvient avec \u00e9motion Rodolphe Burger. Rachid \u00e9tait absolument unique. J\u2019aimais surtout sa libert\u00e9. Sa libert\u00e9 \u00e0 tous les niveaux. Son intuition fulgurante. Sa capacit\u00e9 \u00e0 ouvrir de nouvelles portes nouvelles\u2026 Il ne supportait aucun cloisonnement, aucune imitation. Il avait une sacr\u00e9e culture et un vrai point de vue sur le monde, il n\u2019\u00e9tait d\u2019aucune chapelle, d\u2019aucune communaut\u00e9 et il assumait sa position en mec libre, vraiment.\u00a0\u00bb\u00a0Et de confier que son ami \u00e9tait \u00ab\u00a0un peu \u00e0 l\u2019\u00e9troit en France, o\u00f9 on avait tendance \u00e0 l\u2019associer au ra\u00ef, alors que, s\u2019il a fait des choses remarquables avec la tradition orientale, ses go\u00fbts le portaient autant vers le rock que l\u2019\u00e9lectro\u2026 Les Anglo-Saxons le comprenaient mieux, il me semble. D\u2019ailleurs, Mick Jones disait que si les Clash devaient se reformer un jour, \u00e7a serait avec Rachid Taha\u00a0!\u00a0\u00bb<\/p>\n<\/p>\n<p>                    <img decoding=\"async\" class=\"responsive-img\" src=\"https:\/\/www.europesays.com\/fr\/wp-content\/uploads\/2025\/09\/1757372531_386_hqdefault.jpg\"\/><br \/>\n                <a class=\"stretched-link\" href=\"#paywall\" rel=\"js-anchor\"><\/p>\n<p>        <\/a><\/p>\n<p>Rodolphe Burger l\u2019a maintes fois invit\u00e9 au festival C\u2019est dans la vall\u00e9e, qu\u2019il organise chaque automne, \u00e0 Sainte-Marie-aux-Mines, mais n\u2019a finalement enregistr\u00e9 avec lui que tardivement\u00a0: en 2008, la chanson Arab\u00e9c\u00e9daire. \u00ab\u00a0C\u2019est lui qui m\u2019avait appel\u00e9, comme \u00e7a lui arrivait \u00e0, genre, 4\u00a0h du mat\u2019, pour me dire \u201cHabibi, faut que tu chantes un morceau en arabe\u00a0!\u201d L\u2019id\u00e9e de d\u00e9part c\u2019\u00e9tait qu\u2019il me l\u2019apprenne mais \u00e7a s\u2019est renvers\u00e9, car il ne connaissait pas bien l\u2019arabe litt\u00e9raire, donc on a fait cette chanson \u00e0 partir des r\u00e8gles de grammaire de l\u2019arabe. Pour une sorte de manifeste sans slogan dont Rachid et moi \u00e9tions tr\u00e8s fiers\u00a0!\u00a0\u00bb<\/p>\n<p>Un Couscous Clan lanc\u00e9 comme une blague<\/p>\n<p>C\u2019est d\u2019ailleurs avec cette chanson qu\u2019ils ouvraient leurs concerts communs, car ils ont fini par monter ensemble un projet, d\u2019abord fictif, puis clandestin, et enfin (hors du) commun. Son nom, \u00e9videmment, avait \u00e9t\u00e9 choisi par Rachid Taha\u00a0: Couscous Clan. \u00ab\u00a0Rachid avait l\u2019art de la blague\u00a0!\u00a0\u00bb, se marre encore Rodolphe Burger. Il n\u2019emp\u00eache, depuis 2013, les concerts de leur blague prenaient peu \u00e0 peu un tour s\u00e9rieux, tout en conservant une fragrance d\u2019\u00e9meute joyeuse.\u00a0\u00ab\u00a0Le dernier concert qu\u2019il a donn\u00e9 moins de quinze jours avant de dispara\u00eetre, c\u2019\u00e9tait \u00e0 Marseille avec le Couscous Clan. Il m\u2019avait dit sa h\u00e2te qu\u2019on entre en studio pour enregistrer notre premier disque.\u00a0\u00bb<\/p>\n<p>Rachid Taha est parti trop t\u00f4t. Sans laisser d\u2019adresse, mais des traces. Un album live de Couscous Clan (dont la pochette est un portrait du dr\u00f4le sign\u00e9 Robert Combas\u00a0!). Une discographie dont on ne se lasse pas, avec Carte de s\u00e9jour (Douce France est un chef-d\u2019\u0153uvre de reprise) et sans (ses disques Rachid Taha, Ol\u00e9 Ol\u00e9, Diwan, T\u00e9kitoi\u00a0? et Zoom sont recommand\u00e9s). Et un grand vide, qui m\u00e9riterait d\u2019\u00eatre combl\u00e9. En attendant qu\u2019un esprit libre de sa trempe\u00a0se manifeste, on le sera samedi, combl\u00e9, \u00e0 aller saluer Rachid Taha par un fameux dawa\u00a0!<\/p>\n","protected":false},"excerpt":{"rendered":"Les 20e rencontres des arts du monde arabe qui d\u00e9butent ce mardi \u00e0 Montpellier, seront marqu\u00e9es samedi par&hellip;\n","protected":false},"author":2,"featured_media":376334,"comment_status":"","ping_status":"","sticky":false,"template":"","format":"standard","meta":{"footnotes":""},"categories":[9599],"tags":[1111,11,1777,674,1011,27,2208,12,2680,25],"class_list":{"0":"post-376333","1":"post","2":"type-post","3":"status-publish","4":"format-standard","5":"has-post-thumbnail","7":"category-montpellier","8":"tag-actu","9":"tag-actualites","10":"tag-eu","11":"tag-europe","12":"tag-fr","13":"tag-france","14":"tag-montpellier","15":"tag-news","16":"tag-occitanie","17":"tag-republique-francaise"},"share_on_mastodon":{"url":"https:\/\/pubeurope.com\/@fr\/115171173577246675","error":""},"_links":{"self":[{"href":"https:\/\/www.europesays.com\/fr\/wp-json\/wp\/v2\/posts\/376333","targetHints":{"allow":["GET"]}}],"collection":[{"href":"https:\/\/www.europesays.com\/fr\/wp-json\/wp\/v2\/posts"}],"about":[{"href":"https:\/\/www.europesays.com\/fr\/wp-json\/wp\/v2\/types\/post"}],"author":[{"embeddable":true,"href":"https:\/\/www.europesays.com\/fr\/wp-json\/wp\/v2\/users\/2"}],"replies":[{"embeddable":true,"href":"https:\/\/www.europesays.com\/fr\/wp-json\/wp\/v2\/comments?post=376333"}],"version-history":[{"count":0,"href":"https:\/\/www.europesays.com\/fr\/wp-json\/wp\/v2\/posts\/376333\/revisions"}],"wp:featuredmedia":[{"embeddable":true,"href":"https:\/\/www.europesays.com\/fr\/wp-json\/wp\/v2\/media\/376334"}],"wp:attachment":[{"href":"https:\/\/www.europesays.com\/fr\/wp-json\/wp\/v2\/media?parent=376333"}],"wp:term":[{"taxonomy":"category","embeddable":true,"href":"https:\/\/www.europesays.com\/fr\/wp-json\/wp\/v2\/categories?post=376333"},{"taxonomy":"post_tag","embeddable":true,"href":"https:\/\/www.europesays.com\/fr\/wp-json\/wp\/v2\/tags?post=376333"}],"curies":[{"name":"wp","href":"https:\/\/api.w.org\/{rel}","templated":true}]}}