{"id":376349,"date":"2025-09-08T23:10:11","date_gmt":"2025-09-08T23:10:11","guid":{"rendered":"https:\/\/www.europesays.com\/fr\/376349\/"},"modified":"2025-09-08T23:10:11","modified_gmt":"2025-09-08T23:10:11","slug":"previsions-du-mardi-9-septembre-2025-2","status":"publish","type":"post","link":"https:\/\/www.europesays.com\/fr\/376349\/","title":{"rendered":"pr\u00e9visions du mardi 9 septembre 2025"},"content":{"rendered":"<p>\u00c0 Strasbourg, le temps sera mitig\u00e9 dans la journ\u00e9e avec de l\u00e9g\u00e8res averses. Les valeurs s&rsquo;\u00e9chelonneront entre 14 et 20\u00b0C. Les temp\u00e9ratures afficheront entre 16\u00b0C et 17\u00b0C dans la matin\u00e9e. Une l\u00e9g\u00e8re brise de sud soufflera. Les maximales pourront atteindre 20\u00b0C dans l&rsquo;apr\u00e8s-midi alors que les minimales seront de 18\u00b0C. Le brouillard va se former dans la soir\u00e9e. Les valeurs seront de 15\u00b0C au minimum et de 16\u00b0C au plus haut. Durant la nuit de mardi \u00e0 mercredi, le ciel sera brumeux.<\/p>\n<p>C&rsquo;est \u00e0 un ciel couvert de nuages qu&rsquo;il faudra s&rsquo;attendre demain \u00e0 Strasbourg. Du mauvais temps est \u00e0 pr\u00e9voir. Des pluies \u00e9parses vont tomber. Les temp\u00e9ratures seront comprises entre 12 et 21\u00b0C. Un petit vent de nord-est sera ressenti par les habitants. Le matin, les valeurs s&rsquo;\u00e9chelonneront entre 13 et 17\u00b0C. Demain apr\u00e8s-midi, des nuages ne voudront pas laisser leur place au soleil. D&rsquo;un autre c\u00f4t\u00e9, une m\u00e9t\u00e9o plus chaude est pr\u00e9vue puisque le mercure va enregistrer une l\u00e9g\u00e8re hausse. Les temp\u00e9ratures s&rsquo;\u00e9chelonneront de 18 \u00e0 21\u00b0C. On annonce une embellie pour cette soir\u00e9e. Les temp\u00e9ratures avoisineront les 16\u00b0C.<\/p>\n<p>La m\u00e9t\u00e9o va s&rsquo;am\u00e9liorer dans les journ\u00e9es qui suivent. Il va faire un temps assez ensoleill\u00e9 avec des temp\u00e9ratures d&rsquo;environ 21\u00b0C.<\/p>\n<p><\/p>\n","protected":false},"excerpt":{"rendered":"\u00c0 Strasbourg, le temps sera mitig\u00e9 dans la journ\u00e9e avec de l\u00e9g\u00e8res averses. Les valeurs s&rsquo;\u00e9chelonneront entre 14&hellip;\n","protected":false},"author":2,"featured_media":376350,"comment_status":"","ping_status":"","sticky":false,"template":"","format":"standard","meta":{"footnotes":""},"categories":[2820],"tags":[1111,11,2389,2649,1777,674,1011,27,775,12,2119,25,640],"class_list":{"0":"post-376349","1":"post","2":"type-post","3":"status-publish","4":"format-standard","5":"has-post-thumbnail","7":"category-strasbourg","8":"tag-actu","9":"tag-actualites","10":"tag-alsace","11":"tag-bas-rhin","12":"tag-eu","13":"tag-europe","14":"tag-fr","15":"tag-france","16":"tag-grand-est","17":"tag-news","18":"tag-previsions-meteo","19":"tag-republique-francaise","20":"tag-strasbourg"},"share_on_mastodon":{"url":"https:\/\/pubeurope.com\/@fr\/115171205456401366","error":""},"_links":{"self":[{"href":"https:\/\/www.europesays.com\/fr\/wp-json\/wp\/v2\/posts\/376349","targetHints":{"allow":["GET"]}}],"collection":[{"href":"https:\/\/www.europesays.com\/fr\/wp-json\/wp\/v2\/posts"}],"about":[{"href":"https:\/\/www.europesays.com\/fr\/wp-json\/wp\/v2\/types\/post"}],"author":[{"embeddable":true,"href":"https:\/\/www.europesays.com\/fr\/wp-json\/wp\/v2\/users\/2"}],"replies":[{"embeddable":true,"href":"https:\/\/www.europesays.com\/fr\/wp-json\/wp\/v2\/comments?post=376349"}],"version-history":[{"count":0,"href":"https:\/\/www.europesays.com\/fr\/wp-json\/wp\/v2\/posts\/376349\/revisions"}],"wp:featuredmedia":[{"embeddable":true,"href":"https:\/\/www.europesays.com\/fr\/wp-json\/wp\/v2\/media\/376350"}],"wp:attachment":[{"href":"https:\/\/www.europesays.com\/fr\/wp-json\/wp\/v2\/media?parent=376349"}],"wp:term":[{"taxonomy":"category","embeddable":true,"href":"https:\/\/www.europesays.com\/fr\/wp-json\/wp\/v2\/categories?post=376349"},{"taxonomy":"post_tag","embeddable":true,"href":"https:\/\/www.europesays.com\/fr\/wp-json\/wp\/v2\/tags?post=376349"}],"curies":[{"name":"wp","href":"https:\/\/api.w.org\/{rel}","templated":true}]}}